{"id":34660,"date":"2026-05-01T08:00:00","date_gmt":"2026-05-01T12:00:00","guid":{"rendered":"https:\/\/www.semanariolocal.cl\/?p=34660"},"modified":"2026-04-30T23:20:53","modified_gmt":"2026-05-01T03:20:53","slug":"1-de-mayo-trabajo-digno-y-reactivacion-economica-para-la-region-de-los-lagos","status":"publish","type":"post","link":"https:\/\/www.semanariolocal.cl\/?p=34660","title":{"rendered":"1\u00b0 de mayo: trabajo digno y reactivaci\u00f3n econ\u00f3mica para la regi\u00f3n de Los Lagos"},"content":{"rendered":"\n<p><strong><mark style=\"background-color:#abb8c3\" class=\"has-inline-color has-white-color\">01 de Mayo del 2026.- <\/mark><\/strong>Un territorio con vocaci\u00f3n productiva, diverso en sus actividades econ\u00f3micas y con un enorme potencial para avanzar hacia una reactivaci\u00f3n econ\u00f3mica sostenible, que tenga como eje central el empleo formal, digno y con derechos.<\/p>\n\n\n\n<p>Hoy, m\u00e1s que nunca y teniendo en consideraci\u00f3n la tasa de desocupaci\u00f3n en la regi\u00f3n, que es de 6,6%, tenemos que duplicar esfuerzos: no s\u00f3lo es recuperar puestos de trabajo y crear m\u00e1s y mejores empleos sino tambi\u00e9n dinamizar la econom\u00eda en la zona. En esa l\u00ednea, como Gobierno y desde el Ministerio del Trabajo y Previsi\u00f3n Social, estamos enfocados en fortalecer sectores estrat\u00e9gicos de la regi\u00f3n, como la industria salmonera y acu\u00edcola, el rubro ganadero y lechero, la actividad frut\u00edcola, el sector forestal, la construcci\u00f3n y el turismo, entre otros que son sumamente importantes. Cada uno de ellos cumple un rol clave en la dinamizaci\u00f3n del empleo y en el desarrollo local, por lo que su fortalecimiento debe ir de la mano con condiciones laborales justas y modernas.<\/p>\n\n\n\n<p>Este desaf\u00edo no es nuevo. Ya en 1891, la enc\u00edclica Rerum Novarum marcaba un punto de inflexi\u00f3n al situar la dignidad del trabajo en el centro del desarrollo social, reconociendo el valor de las personas trabajadoras y la necesidad de equilibrar el progreso econ\u00f3mico con la justicia social. M\u00e1s de un siglo despu\u00e9s, ese mensaje sigue plenamente vigente.<\/p>\n\n\n\n<p>Hoy enfrentamos un escenario distinto, marcado por avances tecnol\u00f3gicos, digitalizaci\u00f3n y nuevas formas de empleo. La modernizaci\u00f3n laboral se vuelve entonces una tarea urgente. No se trata solo de adaptarse a los cambios, sino de anticiparlos, generando herramientas que permitan a trabajadoras y trabajadores desarrollar nuevas habilidades, acceder a empleos formales y participar activamente en esta transformaci\u00f3n.<\/p>\n\n\n\n<p>En la regi\u00f3n de Los Lagos, este proceso implica fortalecer la capacitaci\u00f3n, promover la formalizaci\u00f3n del empleo y avanzar en pol\u00edticas que acompa\u00f1en a las empresas \u2014especialmente a las pymes\u2014 en su proceso de digitalizaci\u00f3n. La innovaci\u00f3n no puede ser un privilegio de unos pocos; debe ser una oportunidad compartida.<\/p>\n\n\n\n<p>La reactivaci\u00f3n econ\u00f3mica que buscamos no es solo crecimiento en cifras, sino bienestar concreto para las personas. Y eso se logra cuando el empleo es estable, cuando se respetan los derechos laborales y cuando se construyen relaciones de trabajo basadas en el di\u00e1logo y el respeto mutuo.<\/p>\n\n\n\n<p>En este D\u00eda del Trabajador, el llamado es claro: avanzar juntos hacia un modelo de desarrollo que combine crecimiento econ\u00f3mico con justicia social, tal como lo planteaba Rerum Novarum. Un camino donde el trabajo siga siendo un pilar de dignidad y progreso para todas y todos en la regi\u00f3n de Los Lagos.<\/p>\n\n\n\n<p><strong>Jorge Moreno Oyanadel, Seremi del Trabajo y Previsi\u00f3n Social<\/strong><\/p>\n","protected":false},"excerpt":{"rendered":"<p>En un nuevo 1 de mayo, D\u00eda Internacional de los Trabajadores, se abre un espacio necesario para reflexionar sobre el presente y, sobre todo, sobre el futuro del trabajo en nuestra regi\u00f3n de Los Lagos. <\/p>\n","protected":false},"author":1,"featured_media":34661,"comment_status":"closed","ping_status":"closed","sticky":false,"template":"","format":"standard","meta":{"footnotes":""},"categories":[3,3608,9,6,3842,4585,4570],"tags":[2118,4991,3037,337,4990,273,247,133],"class_list":["post-34660","post","type-post","status-publish","format-standard","has-post-thumbnail","hentry","category-al-dia","category-estado","category-gobierno","category-politica","category-politicas-publicas","category-seremia","category-trabajo-y-empleo","tag-semanariolocal","tag-1-de-mayo-2","tag-dia-del-trabajo","tag-informacion","tag-jorge-moreno-oyanadel","tag-noticias","tag-region-de-los-lagos","tag-semanario-local"],"_links":{"self":[{"href":"https:\/\/www.semanariolocal.cl\/index.php?rest_route=\/wp\/v2\/posts\/34660","targetHints":{"allow":["GET"]}}],"collection":[{"href":"https:\/\/www.semanariolocal.cl\/index.php?rest_route=\/wp\/v2\/posts"}],"about":[{"href":"https:\/\/www.semanariolocal.cl\/index.php?rest_route=\/wp\/v2\/types\/post"}],"author":[{"embeddable":true,"href":"https:\/\/www.semanariolocal.cl\/index.php?rest_route=\/wp\/v2\/users\/1"}],"replies":[{"embeddable":true,"href":"https:\/\/www.semanariolocal.cl\/index.php?rest_route=%2Fwp%2Fv2%2Fcomments&post=34660"}],"version-history":[{"count":1,"href":"https:\/\/www.semanariolocal.cl\/index.php?rest_route=\/wp\/v2\/posts\/34660\/revisions"}],"predecessor-version":[{"id":34662,"href":"https:\/\/www.semanariolocal.cl\/index.php?rest_route=\/wp\/v2\/posts\/34660\/revisions\/34662"}],"wp:featuredmedia":[{"embeddable":true,"href":"https:\/\/www.semanariolocal.cl\/index.php?rest_route=\/wp\/v2\/media\/34661"}],"wp:attachment":[{"href":"https:\/\/www.semanariolocal.cl\/index.php?rest_route=%2Fwp%2Fv2%2Fmedia&parent=34660"}],"wp:term":[{"taxonomy":"category","embeddable":true,"href":"https:\/\/www.semanariolocal.cl\/index.php?rest_route=%2Fwp%2Fv2%2Fcategories&post=34660"},{"taxonomy":"post_tag","embeddable":true,"href":"https:\/\/www.semanariolocal.cl\/index.php?rest_route=%2Fwp%2Fv2%2Ftags&post=34660"}],"curies":[{"name":"wp","href":"https:\/\/api.w.org\/{rel}","templated":true}]}}