{"id":34657,"date":"2026-04-30T11:30:00","date_gmt":"2026-04-30T15:30:00","guid":{"rendered":"https:\/\/www.semanariolocal.cl\/?p=34657"},"modified":"2026-04-30T23:02:30","modified_gmt":"2026-05-01T03:02:30","slug":"el-saber-regional-motor-y-escudo-de-la-descentralizacion","status":"publish","type":"post","link":"https:\/\/www.semanariolocal.cl\/?p=34657","title":{"rendered":"El saber regional: motor y escudo de la Descentralizaci\u00f3n"},"content":{"rendered":"\n<p><strong><mark style=\"background-color:#abb8c3\" class=\"has-inline-color has-white-color\">30 de abril del 2026.-<\/mark><\/strong> Desde la forma en c\u00f3mo enfrentar colectivamente el c\u00e1ncer; la formulaci\u00f3n o el reforzamiento estudiantil de nuevas iniciativas de inversi\u00f3n comunal, hasta el fomento de la empresa local, existe la inquietud institucional de aportar \u00abm\u00fasculo t\u00e9cnico\u00bb a nuestra regi\u00f3n.<\/p>\n\n\n\n<p>Y esta necesidad de co-construir no es azarosa; responde a una definici\u00f3n \u00fanica de rol p\u00fablico que nuestras universidades regionales deben y hemos llamado a encarnar con fuerza.<\/p>\n\n\n\n<p>Y es que la relaci\u00f3n entre el Gobierno Regional, municipios y universidades debe fluir con total espontaneidad. No hablamos de un v\u00ednculo forzado por la burocracia, sino de una alianza basada en una vocaci\u00f3n p\u00fablica compartida. Como bien plantea la OCDE,\u00a0nuestras casas de estudio deben ser \u00abglobalmente competitivas, pero localmente comprometidas\u00bb. El desarrollo regional no es la suma de acciones aisladas, sino un prop\u00f3sito estrat\u00e9gico donde la universidad, desde la gesti\u00f3n del conocimiento, se convierte en un activo intransable para asegurar que el progreso sea integral y no fragmentado.<\/p>\n\n\n\n<p>Sin embargo, para que esta integraci\u00f3n sea real, debemos pasar de la declaraci\u00f3n a la acci\u00f3n. No bastan las buenas intenciones; la colaboraci\u00f3n se fortalece con plazos definidos y m\u00e9tricas concretas. Los convenios deben poner el acento en productos tangibles que unan la academia con las urgencias del territorio.<br>Aqu\u00ed, la universidad local debe asumir un rol de seguimiento y reforzamiento territorial, superando la debilidad del control centralista.<\/p>\n\n\n\n<p>Y as\u00ed de ambiciosa es la mirada, es que pensamos, tambi\u00e9n, que es hora de que la academia entre en la discusi\u00f3n t\u00e9cnica de la inversi\u00f3n p\u00fablica y los marcos presupuestarios. Ante el centralismo de Hacienda, la universidad debe aportar su capacidad instalada para regionalizar el debate econ\u00f3mico, hasta transformarse en un ente que lidera y fundamenta.<\/p>\n\n\n\n<p>Cuidar el valor p\u00fablico de la universidad, en su naturaleza p\u00fablica o privada y sus evidentes matices y diferencias, es poner el saber al servicio de decisiones con certeza. El desaf\u00edo es claro: liderar desde el territorio para que la descentralizaci\u00f3n deje de ser un anhelo y se convierta en una realidad con rigor cient\u00edfico y sello regional.<\/p>\n","protected":false},"excerpt":{"rendered":"<p>Avanzados 4 meses de este 2026, damos especial seguimiento desde el Consejo Regional Los Lagos a un fen\u00f3meno creciente y esperanzador: el surgimiento o impulsos iniciales universitarios de observatorios de pol\u00edtica p\u00fablica, desarrollo sustentable, bienestar y salud.<\/p>\n","protected":false},"author":1,"featured_media":34658,"comment_status":"closed","ping_status":"closed","sticky":false,"template":"","format":"standard","meta":{"footnotes":""},"categories":[3,4551,11,4419,2483],"tags":[2118,2013,337,273,247,133],"class_list":["post-34657","post","type-post","status-publish","format-standard","has-post-thumbnail","hentry","category-al-dia","category-desarrollo-y-futuro","category-educacion","category-gobierno-regional","category-region","tag-semanariolocal","tag-francisco-reyes-castro","tag-informacion","tag-noticias","tag-region-de-los-lagos","tag-semanario-local"],"_links":{"self":[{"href":"https:\/\/www.semanariolocal.cl\/index.php?rest_route=\/wp\/v2\/posts\/34657","targetHints":{"allow":["GET"]}}],"collection":[{"href":"https:\/\/www.semanariolocal.cl\/index.php?rest_route=\/wp\/v2\/posts"}],"about":[{"href":"https:\/\/www.semanariolocal.cl\/index.php?rest_route=\/wp\/v2\/types\/post"}],"author":[{"embeddable":true,"href":"https:\/\/www.semanariolocal.cl\/index.php?rest_route=\/wp\/v2\/users\/1"}],"replies":[{"embeddable":true,"href":"https:\/\/www.semanariolocal.cl\/index.php?rest_route=%2Fwp%2Fv2%2Fcomments&post=34657"}],"version-history":[{"count":1,"href":"https:\/\/www.semanariolocal.cl\/index.php?rest_route=\/wp\/v2\/posts\/34657\/revisions"}],"predecessor-version":[{"id":34659,"href":"https:\/\/www.semanariolocal.cl\/index.php?rest_route=\/wp\/v2\/posts\/34657\/revisions\/34659"}],"wp:featuredmedia":[{"embeddable":true,"href":"https:\/\/www.semanariolocal.cl\/index.php?rest_route=\/wp\/v2\/media\/34658"}],"wp:attachment":[{"href":"https:\/\/www.semanariolocal.cl\/index.php?rest_route=%2Fwp%2Fv2%2Fmedia&parent=34657"}],"wp:term":[{"taxonomy":"category","embeddable":true,"href":"https:\/\/www.semanariolocal.cl\/index.php?rest_route=%2Fwp%2Fv2%2Fcategories&post=34657"},{"taxonomy":"post_tag","embeddable":true,"href":"https:\/\/www.semanariolocal.cl\/index.php?rest_route=%2Fwp%2Fv2%2Ftags&post=34657"}],"curies":[{"name":"wp","href":"https:\/\/api.w.org\/{rel}","templated":true}]}}