{"id":34647,"date":"2026-04-30T11:50:00","date_gmt":"2026-04-30T15:50:00","guid":{"rendered":"https:\/\/www.semanariolocal.cl\/?p=34647"},"modified":"2026-04-30T22:05:42","modified_gmt":"2026-05-01T02:05:42","slug":"sag-los-lagos-informa-primeros-casos-de-influenza-aviar-en-aves-silvestres-en-chiloe","status":"publish","type":"post","link":"https:\/\/www.semanariolocal.cl\/?p=34647","title":{"rendered":"SAG Los Lagos informa primeros casos de Influenza Aviar en aves silvestres en Chilo\u00e9"},"content":{"rendered":"\n<p><strong><mark style=\"background-color:#abb8c3\" class=\"has-inline-color has-white-color\">30 de Abril del 2026.-<\/mark><\/strong> El Servicio Agr\u00edcola y Ganadero (SAG) regi\u00f3n de Los Lagos informa la detecci\u00f3n de los primeros casos de Influenza Aviar de Alta Patogenicidad (IAAP), subtipo H5N1, en aves silvestres de la provincia de Chilo\u00e9.<\/p>\n\n\n\n<p>Los hallazgos corresponden a muestras obtenidas en un pato quetro (<em>Tachyeres pteneres<\/em>) y en un cisne de cuello negro (<em>Cygnus melancoryphus<\/em>) recolectadas en las comunas de Ancud y Curaco de V\u00e9lez, respectivamente. Ambos casos se originaron a partir de denuncias realizadas por la ciudadan\u00eda, las que fueron atendidas oportunamente por equipos del SAG a trav\u00e9s de sus oficinas de Castro y Ancud, permitiendo activar de manera inmediata los protocolos sanitarios establecidos para este tipo de eventos.<\/p>\n\n\n\n<p>A partir de estos hallazgos, el SAG ha iniciado el desarrollo de una serie de acciones de vigilancia y control sanitario en los sectores donde se registraron los casos, las que incluyen el monitoreo activo en los sitios de hallazgo, el retiro oportuno de otras aves muertas, el reforzamiento de las medidas de bioseguridad en sistemas productivos de traspatio ubicados en sectores cercanos al borde costero, y el fortalecimiento de la comunicaci\u00f3n de riesgo hacia la comunidad.<\/p>\n\n\n\n<p>En este contexto, el Servicio Agr\u00edcola y Ganadero hace un llamado a la comunidad a reportar oportunamente cualquier comportamiento anormal o presencia de mortalidad en aves. Asimismo, es importante informar que la Influenza Aviar es una enfermedad que puede transmitirse a las personas, por lo que se reitera enf\u00e1ticamente la recomendaci\u00f3n de no manipular ni tomar contacto con aves enfermas o muertas.<\/p>\n\n\n\n<p>\u201cEl mensaje central es reportar. La denuncia oportuna permite a los equipos t\u00e9cnicos del SAG actuar de manera r\u00e1pida y segura, resguardando la sanidad animal y la salud p\u00fablica\u201d, enfatiz\u00f3 Juan Jos\u00e9 Llant\u00e9n, m\u00e9dico veterinario, jefe de campa\u00f1a de influenza aviar SAG Los Lagos.<\/p>\n\n\n\n<p><strong>Medidas preventivas<\/strong><\/p>\n\n\n\n<p>El SAG insta a la comunidad a denunciar de forma inmediata si observa signos sospechosos \u2014como diarrea, decaimiento, depresi\u00f3n, coloraci\u00f3n azulada en cresta, barbillas o patas, plumaje erizado, descoordinaci\u00f3n o muertes inusuales\u2014, no manipule a las aves directamente y realice la denuncia de inmediato al SAG. Al mismo tiempo, y para evitar contagios con aves silvestres, se llama a propietarios y productores de aves dom\u00e9sticas a reforzar las medidas de bioseguridad, tales como:<\/p>\n\n\n\n<ul class=\"wp-block-list\">\n<li>Mantener a las aves en gallineros cerrados, evitando el contacto con aves silvestres.<\/li>\n\n\n\n<li>Proteger adecuadamente el agua y el alimento para impedir su contaminaci\u00f3n.<\/li>\n\n\n\n<li>Utilizar ropa y calzado de uso exclusivo para el manejo de las aves.<\/li>\n\n\n\n<li>Mantener una adecuada limpieza y desinfecci\u00f3n de las instalaciones.<\/li>\n\n\n\n<li>Evitar el ingreso de personas ajenas al plantel.<\/li>\n<\/ul>\n\n\n\n<p>Por su parte, el Seremi de Agricultura de Los Lagos, Francisco C\u00e1rcamo, sostuvo que \u201ccomo gobierno, estamos entregando medidas de vigilancia y efectuando monitoreo permanente para poder alertar casos positivos. El llamado a la comunidad es a mantener la calma, hacer las denuncias correspondientes cuando vean alg\u00fan tipo de ave, ya sea silvestre, o de corral, hacer las denuncias a trav\u00e9s los canales oficiales del SAG\u201d.<\/p>\n\n\n\n<p><strong>Denuncias<\/strong><\/p>\n\n\n\n<p>A nivel nacional, los canales habilitados para denuncias y consultas son el Centro de Atenci\u00f3n Usuaria tel\u00e9fono 22 345 1100 y el correo electr\u00f3nico&nbsp;<a href=\"mailto:oficina.informaciones@sag.gob.cl\" target=\"_blank\" rel=\"noreferrer noopener\">oficina.informaciones@sag.gob.cl<\/a>. Adicionalmente, se encuentra disponible el WhatsApp +56 9 3866 3611, destinado exclusivamente a recibir consultas y denuncias relacionadas con Influenza Aviar, con atenci\u00f3n de lunes a viernes entre 9:00 y 21:00 horas, y fines de semana y festivos de 9:00 a 18:00 horas.<\/p>\n\n\n\n<p>A nivel regional, la comunidad puede comunicarse con el SAG a trav\u00e9s del correo electr\u00f3nico&nbsp;<a href=\"mailto:contacto.loslagos@sag.gob.cl\" target=\"_blank\" rel=\"noreferrer noopener\">contacto.loslagos@sag.gob.cl<\/a>, as\u00ed como al tel\u00e9fono +56 9 3253 8027, disponible de lunes a jueves de 8:30 a 17:30 horas, y los viernes de 8:30 a 16:30 horas.<\/p>\n\n\n\n<p><strong>Primer traspatio en la regi\u00f3n<\/strong><\/p>\n\n\n\n<p>En la provincia de Osorno se registr\u00f3 el primer hallazgo del virus en aves de traspatio, en en la comuna de Puyehue, luego que se denunciara la mortalidad de aproximadamente 50 aves dom\u00e9sticas, entre gallinas y pavos. Al concurrir al lugar, profesionales de la Oficina SAG Osorno constataron, adem\u00e1s de las mortalidades, la presencia de aves con s\u00edntomas compatibles con Influenza Aviar.<\/p>\n\n\n\n<p>\u201cLas muestras obtenidas durante la atenci\u00f3n de la denuncia fueron enviadas al Laboratorio del SAG, donde se confirm\u00f3 oficialmente la presencia del virus IAAP H5N1\u201d, sostuvo el jefe de campa\u00f1a de Influenza Aviar del SAG Los Lagos.<\/p>\n","protected":false},"excerpt":{"rendered":"<p> Adem\u00e1s, en la provincia de Osorno, se registr\u00f3 el primer hallazgo en aves de traspatio.<\/p>\n","protected":false},"author":1,"featured_media":34648,"comment_status":"closed","ping_status":"closed","sticky":false,"template":"","format":"standard","meta":{"footnotes":""},"categories":[4333,4422,3846,4965,2483,4290],"tags":[2118,337,4371,856,273,247,3276,1828,133],"class_list":["post-34647","post","type-post","status-publish","format-standard","has-post-thumbnail","hentry","category-agricultura-familiar","category-chiloe","category-industria-agricola","category-industria-aviar","category-region","category-salud-animal","tag-semanariolocal","tag-informacion","tag-minagri-chile","tag-minagri-los-lagos","tag-noticias","tag-region-de-los-lagos","tag-sag-chile","tag-sag-los-lagos","tag-semanario-local"],"_links":{"self":[{"href":"https:\/\/www.semanariolocal.cl\/index.php?rest_route=\/wp\/v2\/posts\/34647","targetHints":{"allow":["GET"]}}],"collection":[{"href":"https:\/\/www.semanariolocal.cl\/index.php?rest_route=\/wp\/v2\/posts"}],"about":[{"href":"https:\/\/www.semanariolocal.cl\/index.php?rest_route=\/wp\/v2\/types\/post"}],"author":[{"embeddable":true,"href":"https:\/\/www.semanariolocal.cl\/index.php?rest_route=\/wp\/v2\/users\/1"}],"replies":[{"embeddable":true,"href":"https:\/\/www.semanariolocal.cl\/index.php?rest_route=%2Fwp%2Fv2%2Fcomments&post=34647"}],"version-history":[{"count":1,"href":"https:\/\/www.semanariolocal.cl\/index.php?rest_route=\/wp\/v2\/posts\/34647\/revisions"}],"predecessor-version":[{"id":34649,"href":"https:\/\/www.semanariolocal.cl\/index.php?rest_route=\/wp\/v2\/posts\/34647\/revisions\/34649"}],"wp:featuredmedia":[{"embeddable":true,"href":"https:\/\/www.semanariolocal.cl\/index.php?rest_route=\/wp\/v2\/media\/34648"}],"wp:attachment":[{"href":"https:\/\/www.semanariolocal.cl\/index.php?rest_route=%2Fwp%2Fv2%2Fmedia&parent=34647"}],"wp:term":[{"taxonomy":"category","embeddable":true,"href":"https:\/\/www.semanariolocal.cl\/index.php?rest_route=%2Fwp%2Fv2%2Fcategories&post=34647"},{"taxonomy":"post_tag","embeddable":true,"href":"https:\/\/www.semanariolocal.cl\/index.php?rest_route=%2Fwp%2Fv2%2Ftags&post=34647"}],"curies":[{"name":"wp","href":"https:\/\/api.w.org\/{rel}","templated":true}]}}