{"id":34644,"date":"2026-04-29T10:40:00","date_gmt":"2026-04-29T14:40:00","guid":{"rendered":"https:\/\/www.semanariolocal.cl\/?p=34644"},"modified":"2026-04-29T22:22:14","modified_gmt":"2026-04-30T02:22:14","slug":"se-elimina-o-solo-se-oculta-lo-que-realmente-pasa-con-tu-informacion-en-internet","status":"publish","type":"post","link":"https:\/\/www.semanariolocal.cl\/?p=34644","title":{"rendered":"\u00bfSe elimina o solo se oculta? Lo que realmente pasa con tu informaci\u00f3n en internet"},"content":{"rendered":"\n<p><strong><mark style=\"background-color:#abb8c3\" class=\"has-inline-color has-white-color\">29 de Abril del 2026.-<\/mark><\/strong> <em>A prop\u00f3sito de la Ley de Datos Personales -que entra en vigencia este a\u00f1o-, el director de Ingenier\u00eda en Ciberseguridad de la U. Andr\u00e9s Bello, Edgardo Fuentes, advierte que la experiencia cotidiana nos lleva a creer que eliminar equivale a borrar definitivamente, pero que, en realidad, en los sistemas de almacenamiento en internet esta acci\u00f3n es apenas el primer eslab\u00f3n de una cadena mucho m\u00e1s larga.<\/em><\/p>\n\n\n\n<p>En un mundo donde internet se ha transformado en la b\u00f3veda principal de datos personales, acad\u00e9micos e institucionales, la pregunta que puede surgir entre los usuarios es: cuando borramos informaci\u00f3n en internet, \u00bfrealmente desaparece o solo dejamos de verla?<\/p>\n\n\n\n<p>Para el director de Ingenier\u00eda en Ciberseguridad de la Universidad Andr\u00e9s Bello (UNAB), Edgardo Fuentes, esta inquietud no es trivial, ya que cada vez que aceptamos un servicio digital, subimos un archivo o presionamos el bot\u00f3n \u201celiminar\u201d, asumimos casi por inercia que tenemos el control sobre nuestra informaci\u00f3n. \u201cSin embargo, esa confianza, merece ser puesta en duda\u201d, advierte.<\/p>\n\n\n\n<p>La experiencia cotidiana nos lleva a creer que eliminar equivale a borrar definitivamente. Aparece la papelera, vaciamos su contenido y cerramos el tema. No obstante, seg\u00fan explica el experto, en los sistemas de almacenamiento en internet esta acci\u00f3n es apenas el primer eslab\u00f3n de una cadena mucho m\u00e1s larga.<\/p>\n\n\n\n<p>\u201cEn realidad, lo que ocurre inicialmente es una eliminaci\u00f3n l\u00f3gica: el archivo deja de estar accesible para el usuario, pero los datos pueden seguir existiendo en servidores distribuidos, en mecanismos de redundancia y en copias de seguridad dise\u00f1adas, parad\u00f3jicamente, para protegernos de p\u00e9rdidas accidentales\u201d, sostiene.<\/p>\n\n\n\n<p>\u201cEl internet se nos presenta como un espacio intangible, casi et\u00e9reo, pero est\u00e1 sostenido por una infraestructura f\u00edsica muy concreta: centros de datos, discos duros y servidores que replican la informaci\u00f3n en distintas ubicaciones para garantizar continuidad del servicio. Ese mismo dise\u00f1o, tan eficiente para la disponibilidad, vuelve compleja la eliminaci\u00f3n. Borrar un dato no es un acto inmediato, sino un proceso que se extiende en el tiempo y que el usuario no ve, no controla y rara vez comprende\u201d, agrega.<\/p>\n\n\n\n<p><strong>Qu\u00e9 trae la nueva Ley de Datos Personales<\/strong><\/p>\n\n\n\n<p>Esta falta de visibilidad y control adquiere una dimensi\u00f3n a\u00fan m\u00e1s relevante a la luz de la Ley 21.719 de Protecci\u00f3n de Datos Personales, publicada en diciembre de 2024 y que entrar\u00e1 en plena vigencia en 2026. En opini\u00f3n de Fuentes, esta normativa representa \u201cel cambio m\u00e1s profundo, al redefinir la informaci\u00f3n personal no solo como un recurso tecnol\u00f3gico, sino como un derecho fundamental que debe ser protegido durante todo su ciclo de vida\u201d.<\/p>\n\n\n\n<p>\u201cLa ley reconoce expresamente el derecho de supresi\u00f3n, estableciendo que los titulares pueden exigir la eliminaci\u00f3n de sus datos cuando estos ya no sean necesarios, cuando se retire el consentimiento o cuando el tratamiento carezca de base legal. En este escenario, el borrado deja de ser una acci\u00f3n t\u00e9cnica y se convierte en una obligaci\u00f3n jur\u00eddica, exigible y fiscalizable, con consecuencias reales para quienes la incumplan\u201d, asegura el acad\u00e9mico de la UNAB.<\/p>\n\n\n\n<p>La Ley 21.719 introduce, adem\u00e1s, un deber reforzado de seguridad y responsabilidad proactiva. Esto quiere decir que las organizaciones deber\u00e1n demostrar que aplican medidas t\u00e9cnicas y organizativas adecuadas no solo para proteger los datos frente a accesos no autorizados, sino tambi\u00e9n para gestionarlos correctamente cuando ya no deben conservarse.<\/p>\n\n\n\n<p>Esto incluye evitar la retenci\u00f3n innecesaria, gestionar respaldos, responder a solicitudes de eliminaci\u00f3n y notificar brechas de seguridad cuando los datos personales se vean comprometidos.<\/p>\n\n\n\n<p>\u201cLa creaci\u00f3n de la Agencia de Protecci\u00f3n de Datos Personales, con facultades sancionatorias que pueden alcanzar multas de hasta 20.000 UTM, refuerza la idea de que el ciclo de vida de la informaci\u00f3n -incluida su eliminaci\u00f3n- deja de ser invisible y pasa a estar bajo escrutinio institucional\u201d, considera el especialista en ciberseguridad.<\/p>\n\n\n\n<p><strong>Pr\u00e1cticas cotidianas para proteger la informaci\u00f3n<\/strong><\/p>\n\n\n\n<p>Ahora bien, Fuentes se\u00f1ala que ser\u00eda un error pensar que esta complejidad pertenece solo a internet o al mundo corporativo. \u201cAlgo muy parecido ocurre con los datos que almacenamos en nuestros propios dispositivos\u201d, dice. \u201cCuando eliminamos un archivo en un computador o un tel\u00e9fono, lo que realmente sucede es que el sistema \u2018olvida\u2019 d\u00f3nde estaba, pero no destruye su contenido. Hasta que ese espacio es sobrescrito, la informaci\u00f3n puede permanecer all\u00ed, accesible para quien tenga las herramientas adecuadas. Incluso acciones comunes como el formateo r\u00e1pido o la eliminaci\u00f3n masiva de archivos suelen ofrecer m\u00e1s tranquilidad psicol\u00f3gica que seguridad real\u201d, comenta.<\/p>\n\n\n\n<p>Aqu\u00ed es donde el borrado seguro en uso local cobra relevancia, asevera el director de Ingenier\u00eda en Ciberseguridad UNAB. \u201cProteger los datos no implica volverse experto en inform\u00e1tica, sino adoptar h\u00e1bitos b\u00e1sicos: cifrar el disco del computador o del tel\u00e9fono desde el primer d\u00eda; usar opciones de restablecimiento con eliminaci\u00f3n completa antes de vender, regalar o desechar un equipo; desconfiar de memorias USB o discos externos sin protecci\u00f3n; y asumir que los dispositivos en desuso siguen siendo dep\u00f3sitos silenciosos de informaci\u00f3n personal. A la luz de la nueva ley, incluso estas pr\u00e1cticas cotidianas empiezan a dialogar con una noci\u00f3n m\u00e1s amplia de responsabilidad sobre los datos\u201d, enfatiza.<\/p>\n\n\n\n<p>En este punto, agrega Fuentes, la comparaci\u00f3n con internet se vuelve evidente: \u201cen internet delegamos la custodia de nuestros datos; en lo local solemos delegarla a la costumbre. En ambos casos, la confianza excesiva juega en contra. Por eso, proteger la informaci\u00f3n implica actuar antes de borrar: pensar qu\u00e9 datos realmente necesitamos conservar, d\u00f3nde los almacenamos y durante cu\u00e1nto tiempo. En internet, cifrar archivos sensibles y revisar permisos; en lo local, cifrar dispositivos y no subestimar el valor de un borrado adecuado\u201d.<\/p>\n\n\n\n<p>En ese sentido, el experto asevera que el desaf\u00edo, tanto personal como institucional, es cultural antes que t\u00e9cnico. \u201cDurante a\u00f1os hemos aprendido a relacionarnos con la tecnolog\u00eda a trav\u00e9s de met\u00e1foras simples -la papelera, el bot\u00f3n, la internet, que ocultan procesos complejos- y, hoy, tambi\u00e9n obligaciones legales. La Ley 21.719 nos recuerda que los datos no solo se almacenan y se eliminan: se administran, se protegen y se responden ante terceros\u201d, enfatiza.<\/p>\n\n\n\n<p>Y concluye: \u201cen la era digital, borrar no es un punto final, sino el inicio de un proceso. A veces ese proceso termina en el olvido real; otras, solo en el silencio. Y en un pa\u00eds que avanza hacia un est\u00e1ndar moderno de protecci\u00f3n de datos, conviene no olvidar que, jur\u00eddicamente hablando, el silencio casi nunca es inocente\u201d.<\/p>\n","protected":false},"excerpt":{"rendered":"<p>La experiencia cotidiana nos lleva a creer que eliminar equivale a borrar definitivamente. Aparece la papelera, vaciamos su contenido y cerramos el tema. <\/p>\n","protected":false},"author":1,"featured_media":34645,"comment_status":"closed","ping_status":"closed","sticky":false,"template":"","format":"standard","meta":{"footnotes":""},"categories":[2540,11,4396,4989,2514],"tags":[2118,337,273,247,133],"class_list":["post-34644","post","type-post","status-publish","format-standard","has-post-thumbnail","hentry","category-ciencia","category-educacion","category-especialista","category-informatica-y-redes","category-tecnologia","tag-semanariolocal","tag-informacion","tag-noticias","tag-region-de-los-lagos","tag-semanario-local"],"_links":{"self":[{"href":"https:\/\/www.semanariolocal.cl\/index.php?rest_route=\/wp\/v2\/posts\/34644","targetHints":{"allow":["GET"]}}],"collection":[{"href":"https:\/\/www.semanariolocal.cl\/index.php?rest_route=\/wp\/v2\/posts"}],"about":[{"href":"https:\/\/www.semanariolocal.cl\/index.php?rest_route=\/wp\/v2\/types\/post"}],"author":[{"embeddable":true,"href":"https:\/\/www.semanariolocal.cl\/index.php?rest_route=\/wp\/v2\/users\/1"}],"replies":[{"embeddable":true,"href":"https:\/\/www.semanariolocal.cl\/index.php?rest_route=%2Fwp%2Fv2%2Fcomments&post=34644"}],"version-history":[{"count":1,"href":"https:\/\/www.semanariolocal.cl\/index.php?rest_route=\/wp\/v2\/posts\/34644\/revisions"}],"predecessor-version":[{"id":34646,"href":"https:\/\/www.semanariolocal.cl\/index.php?rest_route=\/wp\/v2\/posts\/34644\/revisions\/34646"}],"wp:featuredmedia":[{"embeddable":true,"href":"https:\/\/www.semanariolocal.cl\/index.php?rest_route=\/wp\/v2\/media\/34645"}],"wp:attachment":[{"href":"https:\/\/www.semanariolocal.cl\/index.php?rest_route=%2Fwp%2Fv2%2Fmedia&parent=34644"}],"wp:term":[{"taxonomy":"category","embeddable":true,"href":"https:\/\/www.semanariolocal.cl\/index.php?rest_route=%2Fwp%2Fv2%2Fcategories&post=34644"},{"taxonomy":"post_tag","embeddable":true,"href":"https:\/\/www.semanariolocal.cl\/index.php?rest_route=%2Fwp%2Fv2%2Ftags&post=34644"}],"curies":[{"name":"wp","href":"https:\/\/api.w.org\/{rel}","templated":true}]}}