{"id":34641,"date":"2026-04-29T10:50:00","date_gmt":"2026-04-29T14:50:00","guid":{"rendered":"https:\/\/www.semanariolocal.cl\/?p=34641"},"modified":"2026-04-29T22:07:23","modified_gmt":"2026-04-30T02:07:23","slug":"mop-advierte-abandono-de-mas-de-10-000-kilometros-de-caminos-rurales-en-todo-el-pais","status":"publish","type":"post","link":"https:\/\/www.semanariolocal.cl\/?p=34641","title":{"rendered":"MOP advierte abandono de m\u00e1s de 10.000 kil\u00f3metros de caminos rurales en todo el pa\u00eds"},"content":{"rendered":"\n<p><strong><mark style=\"background-color:#abb8c3\" class=\"has-inline-color has-white-color\">29 de abril de 2026.-<\/mark><\/strong> El ministro de Obras P\u00fablicas, Mart\u00edn Arrau, dio a conocer su preocupaci\u00f3n por el estado de los contratos de conservaci\u00f3n global de caminos a cargo de la Direcci\u00f3n Vialidad y que son fundamentales para el mantenimiento de la red vial en las zonas rurales, principalmente en el sur del pa\u00eds.<\/p>\n\n\n\n<p>\u201cEncontramos una situaci\u00f3n muy compleja que es el abandono que hemos encontrado en muchos caminos rurales, dado que los contratos globales de mantenci\u00f3n no est\u00e1n al d\u00eda. Varios de esos contratos no existen hace meses, porque no se renovaron a tiempo y otros van a vencer pronto, dejando sin mantenci\u00f3n miles de kil\u00f3metros de caminos rurales en todo el pa\u00eds\u201d, inform\u00f3 el ministro Mart\u00edn Arrau durante su participaci\u00f3n en la Comisi\u00f3n de Obras P\u00fablicas de la C\u00e1mara de Diputados.<\/p>\n\n\n\n<p>El secretario de Estado, explic\u00f3 que: \u201cM\u00e1s de 30 contratos de mantenci\u00f3n hoy no existen, porque vencieron hace varios meses y otros 30, est\u00e1n venciendo durante estos d\u00edas. Esto corresponde a cerca de 10 mil 500 kil\u00f3metros de caminos que hoy d\u00eda lamentablemente no est\u00e1n siendo mantenidos\u201d.<\/p>\n\n\n\n<p>\u201cEstamos trabajando con toda la energ\u00eda posible para responderle a ese mundo rural y resolver cada uno de estos contratos, pero los procesos de licitaci\u00f3n toman tiempo, por lo que tambi\u00e9n estamos advirtiendo a los parlamentarios y a los alcaldes de esta situaci\u00f3n que puede afectar a las comunidades, principalmente en el invierno y en la zona sur del pa\u00eds\u201d, agreg\u00f3 el titular del MOP.<\/p>\n\n\n\n<p>La Direcci\u00f3n de Vialidad se encuentra en proceso de agilizaci\u00f3n de estos contratos de conservaci\u00f3n global de caminos, que comprenden una extensi\u00f3n total de 22.197 kil\u00f3metros y representan una inversi\u00f3n total aproximada de 367.135 millones de pesos. Durante abril esperan tener 38 licitaciones de contratos de conservaci\u00f3n publicadas. &nbsp;<\/p>\n\n\n\n<p>Durante su participaci\u00f3n en la Comisi\u00f3n de Obras P\u00fablicas de la C\u00e1mara de Diputados, el titular del MOP, estuvo acompa\u00f1ado por el subsecretario Nicol\u00e1s Balmaceda y el director general de Obras P\u00fablicas, Joaqu\u00edn Dag\u00e1.<\/p>\n","protected":false},"excerpt":{"rendered":"<p>Durante abril la Direcci\u00f3n de Vialidad espera tener 38 licitaciones de contratos de conservaci\u00f3n de caminos publicadas.<\/p>\n","protected":false},"author":1,"featured_media":34642,"comment_status":"closed","ping_status":"closed","sticky":false,"template":"","format":"standard","meta":{"footnotes":""},"categories":[4890,3608,9,2496,4983,4338,6,3528],"tags":[2118,337,4988,4987,273,1357,132,247,133],"class_list":["post-34641","post","type-post","status-publish","format-standard","has-post-thumbnail","hentry","category-contruccion-y-vivienda","category-estado","category-gobierno","category-nacional","category-obras-publicas","category-organismos-publicos","category-politica","category-servicios-publicos","tag-semanariolocal","tag-informacion","tag-ministerio","tag-ministerio-obras-publicas","tag-noticias","tag-obras-publicas","tag-osorno","tag-region-de-los-lagos","tag-semanario-local"],"_links":{"self":[{"href":"https:\/\/www.semanariolocal.cl\/index.php?rest_route=\/wp\/v2\/posts\/34641","targetHints":{"allow":["GET"]}}],"collection":[{"href":"https:\/\/www.semanariolocal.cl\/index.php?rest_route=\/wp\/v2\/posts"}],"about":[{"href":"https:\/\/www.semanariolocal.cl\/index.php?rest_route=\/wp\/v2\/types\/post"}],"author":[{"embeddable":true,"href":"https:\/\/www.semanariolocal.cl\/index.php?rest_route=\/wp\/v2\/users\/1"}],"replies":[{"embeddable":true,"href":"https:\/\/www.semanariolocal.cl\/index.php?rest_route=%2Fwp%2Fv2%2Fcomments&post=34641"}],"version-history":[{"count":1,"href":"https:\/\/www.semanariolocal.cl\/index.php?rest_route=\/wp\/v2\/posts\/34641\/revisions"}],"predecessor-version":[{"id":34643,"href":"https:\/\/www.semanariolocal.cl\/index.php?rest_route=\/wp\/v2\/posts\/34641\/revisions\/34643"}],"wp:featuredmedia":[{"embeddable":true,"href":"https:\/\/www.semanariolocal.cl\/index.php?rest_route=\/wp\/v2\/media\/34642"}],"wp:attachment":[{"href":"https:\/\/www.semanariolocal.cl\/index.php?rest_route=%2Fwp%2Fv2%2Fmedia&parent=34641"}],"wp:term":[{"taxonomy":"category","embeddable":true,"href":"https:\/\/www.semanariolocal.cl\/index.php?rest_route=%2Fwp%2Fv2%2Fcategories&post=34641"},{"taxonomy":"post_tag","embeddable":true,"href":"https:\/\/www.semanariolocal.cl\/index.php?rest_route=%2Fwp%2Fv2%2Ftags&post=34641"}],"curies":[{"name":"wp","href":"https:\/\/api.w.org\/{rel}","templated":true}]}}