{"id":34638,"date":"2026-04-29T08:00:00","date_gmt":"2026-04-29T12:00:00","guid":{"rendered":"https:\/\/www.semanariolocal.cl\/?p=34638"},"modified":"2026-04-29T21:51:14","modified_gmt":"2026-04-30T01:51:14","slug":"diputado-sulantay-valora-apoyo-a-proyecto-que-restringe-redes-sociales-a-menores-de-16-anos","status":"publish","type":"post","link":"https:\/\/www.semanariolocal.cl\/?p=34638","title":{"rendered":"Diputado Sulantay valora apoyo a  proyecto que restringe redes sociales a menores de 16 a\u00f1os"},"content":{"rendered":"\n<p><strong><mark style=\"background-color:#abb8c3\" class=\"has-inline-color has-white-color\">29 de Abril del 2026.-<\/mark><\/strong> El diputado de la UDI, Marco Antonio Sulantay, present\u00f3 un proyecto de ley que propone prohibir el ingreso, registro y uso de redes sociales a menores de 16 a\u00f1os, con el objetivo de resguardar su integridad f\u00edsica, psicol\u00f3gica y digital frente a los crecientes riesgos en entornos virtuales. La iniciativa ha sido valorada por el Gobierno, quien anunci\u00f3 que impulsar\u00e1 un proyecto en la misma l\u00ednea.<\/p>\n\n\n\n<p>\u201cEstamos muy contentos porque el Gobierno ha tomado en cuenta nuestro proyecto de ley que restringe el acceso a redes sociales de menores de 16 a\u00f1os, estableciendo que entre los 14 y 16 a\u00f1os solo podr\u00e1n acceder con autorizaci\u00f3n de sus padres. Es un proyecto bastante simple, en el sentido de que las redes sociales que detecten usuarios menores de 14 a\u00f1os deber\u00e1n bloquearlas o eliminarlas inmediatamente\u201d, se\u00f1al\u00f3 el parlamentario gremialista.<\/p>\n\n\n\n<p>La propuesta surge en un contexto internacional donde distintos pa\u00edses han avanzado en regulaciones similares. Entre los principales riesgos que motivan esta iniciativa se encuentran el ciberacoso, la acci\u00f3n de depredadores sexuales y la exposici\u00f3n a contenidos inapropiados, factores que pueden generar graves consecuencias en la salud mental de ni\u00f1os, ni\u00f1as y adolescentes.<\/p>\n\n\n\n<p>\u201cDe esta forma queremos proteger a nuestros ni\u00f1os y adolescentes de todas las externalidades y focos de conflicto que generan las redes sociales, como el bullying, la violencia y otros problemas que como sociedad estamos viviendo d\u00eda a d\u00eda. El avance tecnol\u00f3gico debe ir acompa\u00f1ado de responsabilidad, y como Estado tenemos el deber de actuar con decisi\u00f3n\u201d, agreg\u00f3 Sulantay.<\/p>\n\n\n\n<p>El proyecto establece la prohibici\u00f3n total del uso de redes sociales para menores de 14 a\u00f1os. En tanto, los adolescentes entre 14 y 16 a\u00f1os podr\u00e1n acceder \u00fanicamente con autorizaci\u00f3n expresa de sus padres o tutores legales.<\/p>\n\n\n\n<p>Asimismo, la iniciativa impone a las plataformas digitales la obligaci\u00f3n de implementar sistemas efectivos de verificaci\u00f3n de identidad, con el fin de controlar la edad de los usuarios y asegurar el cumplimiento de la normativa. Tambi\u00e9n deber\u00e1n eliminar las cuentas que infrinjan estas disposiciones mediante un procedimiento de denuncia que no podr\u00e1 exceder los 60 d\u00edas.<\/p>\n\n\n\n<p>En materia de protecci\u00f3n de datos, se establece que, al eliminar cuentas de menores, las plataformas deber\u00e1n borrar toda la informaci\u00f3n asociada, resguardando as\u00ed la privacidad e integridad de los usuarios.<\/p>\n\n\n\n<p>El proyecto contempla adem\u00e1s sanciones econ\u00f3micas para las plataformas que incumplan la ley, con multas que van desde 500 a 2.000 Unidades Tributarias Mensuales, las que se duplicar\u00e1n en caso de reincidencia.<\/p>\n\n\n\n<p>Sulantay destac\u00f3 que esta propuesta se enmarca en el avance legislativo que ha tenido Chile en materia de protecci\u00f3n de menores en el entorno digital, mencionando la Ley N\u00b0 21.430 sobre garant\u00edas de la ni\u00f1ez, as\u00ed como normativas recientes relacionadas con el uso de celulares en establecimientos educacionales y la protecci\u00f3n de datos personales.<\/p>\n\n\n\n<p>\u201cChile ha dado pasos importantes, pero debemos seguir avanzando. Este proyecto busca establecer reglas claras y efectivas, poniendo en el centro la seguridad y el bienestar de nuestros ni\u00f1os y adolescentes\u201d, concluy\u00f3 el diputado Marco Antonio Sulantay.<\/p>\n","protected":false},"excerpt":{"rendered":"<p>El Ejecutivo respald\u00f3 la idea y anunci\u00f3 que presentar\u00e1 una iniciativa legal en la misma l\u00ednea, reforzando la urgencia de regular el acceso de ni\u00f1os, ni\u00f1as y adolescentes a plataformas digitales.<\/p>\n","protected":false},"author":1,"featured_media":34639,"comment_status":"closed","ping_status":"closed","sticky":false,"template":"","format":"standard","meta":{"footnotes":""},"categories":[4582,4738,3816,6,3842,4986,2514],"tags":[2118,337,273,247,133],"class_list":["post-34638","post","type-post","status-publish","format-standard","has-post-thumbnail","hentry","category-camara-de-diputados","category-jovenes","category-partidos-politicos","category-politica","category-politicas-publicas","category-proyecto-de-ley","category-tecnologia","tag-semanariolocal","tag-informacion","tag-noticias","tag-region-de-los-lagos","tag-semanario-local"],"_links":{"self":[{"href":"https:\/\/www.semanariolocal.cl\/index.php?rest_route=\/wp\/v2\/posts\/34638","targetHints":{"allow":["GET"]}}],"collection":[{"href":"https:\/\/www.semanariolocal.cl\/index.php?rest_route=\/wp\/v2\/posts"}],"about":[{"href":"https:\/\/www.semanariolocal.cl\/index.php?rest_route=\/wp\/v2\/types\/post"}],"author":[{"embeddable":true,"href":"https:\/\/www.semanariolocal.cl\/index.php?rest_route=\/wp\/v2\/users\/1"}],"replies":[{"embeddable":true,"href":"https:\/\/www.semanariolocal.cl\/index.php?rest_route=%2Fwp%2Fv2%2Fcomments&post=34638"}],"version-history":[{"count":1,"href":"https:\/\/www.semanariolocal.cl\/index.php?rest_route=\/wp\/v2\/posts\/34638\/revisions"}],"predecessor-version":[{"id":34640,"href":"https:\/\/www.semanariolocal.cl\/index.php?rest_route=\/wp\/v2\/posts\/34638\/revisions\/34640"}],"wp:featuredmedia":[{"embeddable":true,"href":"https:\/\/www.semanariolocal.cl\/index.php?rest_route=\/wp\/v2\/media\/34639"}],"wp:attachment":[{"href":"https:\/\/www.semanariolocal.cl\/index.php?rest_route=%2Fwp%2Fv2%2Fmedia&parent=34638"}],"wp:term":[{"taxonomy":"category","embeddable":true,"href":"https:\/\/www.semanariolocal.cl\/index.php?rest_route=%2Fwp%2Fv2%2Fcategories&post=34638"},{"taxonomy":"post_tag","embeddable":true,"href":"https:\/\/www.semanariolocal.cl\/index.php?rest_route=%2Fwp%2Fv2%2Ftags&post=34638"}],"curies":[{"name":"wp","href":"https:\/\/api.w.org\/{rel}","templated":true}]}}