{"id":34635,"date":"2026-04-29T11:10:00","date_gmt":"2026-04-29T15:10:00","guid":{"rendered":"https:\/\/www.semanariolocal.cl\/?p=34635"},"modified":"2026-04-29T21:44:55","modified_gmt":"2026-04-30T01:44:55","slug":"terapia-ocupacional-ulagos-impulsa-primer-seminario-chilote","status":"publish","type":"post","link":"https:\/\/www.semanariolocal.cl\/?p=34635","title":{"rendered":"Terapia Ocupacional ULagos impulsa primer seminario chilote"},"content":{"rendered":"\n<p><strong><mark style=\"background-color:#abb8c3\" class=\"has-inline-color has-white-color\">29 de Abril del 2026.-<\/mark><\/strong> Con el prop\u00f3sito de acercar la formaci\u00f3n acad\u00e9mica a las realidades profesionales del territorio, la carrera de Terapia Ocupacional de la Universidad de Los Lagos Sede Chilo\u00e9 desarroll\u00f3 el <strong>Primer Seminario de Terapia Ocupacional Chilota<\/strong>, espacio de encuentro entre estudiantes y profesionales que ejercen en distintos dispositivos de salud del archipi\u00e9lago.<\/p>\n\n\n\n<p>La <strong>directora docente de la carrera, Nataly Cerda<\/strong>, explic\u00f3 que la iniciativa surgi\u00f3 desde la necesidad de fortalecer el v\u00ednculo entre formaci\u00f3n universitaria y contexto territorial:<\/p>\n\n\n\n<p><em>\u201cQuer\u00edamos que las y los estudiantes conocieran c\u00f3mo trabajan los terapeutas ocupacionales en el territorio y cu\u00e1les son las realidades que se viven en los distintos dispositivos de salud. Como equipo vimos que era una instancia necesaria para vincularnos con otras entidades y potenciar el trabajo conjunto\u201d<\/em>, se\u00f1al\u00f3.<\/p>\n\n\n\n<p>La acad\u00e9mica destac\u00f3 adem\u00e1s que la actividad cobra especial relevancia considerando los recientes procesos de egreso y las pr\u00f3ximas titulaciones de profesionales formados en la sede Chilo\u00e9, abriendo nuevas oportunidades laborales en el archipi\u00e9lago. <em>\u201cCreemos que este tipo de seminarios puede generar nuevos espacios de desempe\u00f1o profesional y fortalecer la presencia de terapeutas ocupacionales en el territorio\u201d<\/em>, agreg\u00f3.<\/p>\n\n\n\n<p>Durante la jornada participaron profesionales del CESFAM Quillahue, quienes compartieron experiencias vinculadas a rehabilitaci\u00f3n f\u00edsica, trabajo comunitario y atenci\u00f3n en salud primaria.<\/p>\n\n\n\n<p><strong>Fernanda Miranda D\u00edaz, terapeuta ocupacional de la sala de rehabilitaci\u00f3n del centro de salud<\/strong>, abord\u00f3 la evoluci\u00f3n que ha tenido el \u00e1rea en los \u00faltimos a\u00f1os, destacando el crecimiento desde una peque\u00f1a sala inicial hacia un modelo con equipos profesionales completos y mayor diversidad de atenciones.<\/p>\n\n\n\n<p><em>\u201cHoy no solo se atienden patolog\u00edas articulares, sino tambi\u00e9n condiciones neurol\u00f3gicas, tendinosas y traumatol\u00f3gicas. Para los estudiantes es importante comprender que la intervenci\u00f3n profesional debe responder a las necesidades reales de la poblaci\u00f3n y no limitarse \u00fanicamente al trabajo en sala de rehabilitaci\u00f3n\u201d,<\/em> explic\u00f3.<\/p>\n\n\n\n<p>Por su parte,<strong> Fernanda Miranda Pacheco, terapeuta ocupacional del programa M\u00e1s Adultos Mayores Autovalentes<\/strong> del mismo establecimiento, expuso sobre el impacto del trabajo comunitario con personas mayores y la importancia de que quienes est\u00e1n en formaci\u00f3n conozcan anticipadamente los programas existentes en la red local de salud.<\/p>\n\n\n\n<p><em>\u201cLa poblaci\u00f3n est\u00e1 envejeciendo y es fundamental que los futuros profesionales comprendan c\u00f3mo funcionan estos programas y los desaf\u00edos que enfrentar\u00e1n cuando ingresen al mundo laboral\u201d<\/em>, indic\u00f3.<\/p>\n","protected":false},"excerpt":{"rendered":"<p>La instancia permiti\u00f3 acercar al estudiantado a experiencias reales del ejercicio profesional en salud comunitaria y rehabilitaci\u00f3n, junto a profesionales de la red local del archipi\u00e9lago.<\/p>\n","protected":false},"author":1,"featured_media":34636,"comment_status":"closed","ping_status":"closed","sticky":false,"template":"","format":"standard","meta":{"footnotes":""},"categories":[4383,4422,11,2483],"tags":[2118,337,273,247,133,3383,297],"class_list":["post-34635","post","type-post","status-publish","format-standard","has-post-thumbnail","hentry","category-capacitacion-y-formacion","category-chiloe","category-educacion","category-region","tag-semanariolocal","tag-informacion","tag-noticias","tag-region-de-los-lagos","tag-semanario-local","tag-terapia-ocupacional","tag-universidad-de-los-lagos"],"_links":{"self":[{"href":"https:\/\/www.semanariolocal.cl\/index.php?rest_route=\/wp\/v2\/posts\/34635","targetHints":{"allow":["GET"]}}],"collection":[{"href":"https:\/\/www.semanariolocal.cl\/index.php?rest_route=\/wp\/v2\/posts"}],"about":[{"href":"https:\/\/www.semanariolocal.cl\/index.php?rest_route=\/wp\/v2\/types\/post"}],"author":[{"embeddable":true,"href":"https:\/\/www.semanariolocal.cl\/index.php?rest_route=\/wp\/v2\/users\/1"}],"replies":[{"embeddable":true,"href":"https:\/\/www.semanariolocal.cl\/index.php?rest_route=%2Fwp%2Fv2%2Fcomments&post=34635"}],"version-history":[{"count":1,"href":"https:\/\/www.semanariolocal.cl\/index.php?rest_route=\/wp\/v2\/posts\/34635\/revisions"}],"predecessor-version":[{"id":34637,"href":"https:\/\/www.semanariolocal.cl\/index.php?rest_route=\/wp\/v2\/posts\/34635\/revisions\/34637"}],"wp:featuredmedia":[{"embeddable":true,"href":"https:\/\/www.semanariolocal.cl\/index.php?rest_route=\/wp\/v2\/media\/34636"}],"wp:attachment":[{"href":"https:\/\/www.semanariolocal.cl\/index.php?rest_route=%2Fwp%2Fv2%2Fmedia&parent=34635"}],"wp:term":[{"taxonomy":"category","embeddable":true,"href":"https:\/\/www.semanariolocal.cl\/index.php?rest_route=%2Fwp%2Fv2%2Fcategories&post=34635"},{"taxonomy":"post_tag","embeddable":true,"href":"https:\/\/www.semanariolocal.cl\/index.php?rest_route=%2Fwp%2Fv2%2Ftags&post=34635"}],"curies":[{"name":"wp","href":"https:\/\/api.w.org\/{rel}","templated":true}]}}