{"id":34631,"date":"2026-04-29T10:00:00","date_gmt":"2026-04-29T14:00:00","guid":{"rendered":"https:\/\/www.semanariolocal.cl\/?p=34631"},"modified":"2026-04-29T19:48:45","modified_gmt":"2026-04-29T23:48:45","slug":"los-lagos-busca-reactivar-el-empleo-con-foco-en-inversion-y-pymes","status":"publish","type":"post","link":"https:\/\/www.semanariolocal.cl\/?p=34631","title":{"rendered":"Los Lagos busca reactivar el empleo con foco en inversi\u00f3n y pymes"},"content":{"rendered":"\n<p><strong><mark style=\"background-color:#abb8c3\" class=\"has-inline-color has-white-color\">29 de abril del 2026.-<\/mark><\/strong> En el marco del \u00faltimo informe del Instituto Nacional de Estad\u00edsticas (INE), autoridades regionales analizaron las cifras de desempleo correspondientes al trimestre m\u00f3vil enero\u2013marzo de 2026, abordando los desaf\u00edos actuales del mercado laboral en la Regi\u00f3n de Los Lagos y las acciones que se est\u00e1n impulsando para fortalecer la reactivaci\u00f3n econ\u00f3mica y la generaci\u00f3n de empleo.<\/p>\n\n\n\n<p>De acuerdo con el bolet\u00edn, la tasa de desocupaci\u00f3n regional se ubic\u00f3 en 6,6%, registrando un aumento en doce meses, en un contexto donde la ocupaci\u00f3n no present\u00f3 variaci\u00f3n y se observa una mayor presi\u00f3n en el mercado laboral, producto del incremento de personas que buscan trabajo.<\/p>\n\n\n\n<p>En este escenario, el <strong>seremi del Trabajo y Previsi\u00f3n Social, Jorge Moreno<\/strong>, enfatiz\u00f3 la necesidad de mirar estas cifras con atenci\u00f3n y avanzar en medidas concretas.<\/p>\n\n\n\n<p>En ese sentido, la autoridad se\u00f1al\u00f3 que \u201cel \u00faltimo informe del INE nos muestra un escenario que debemos mirar con atenci\u00f3n en la Regi\u00f3n de Los Lagos. La tasa de desocupaci\u00f3n alcanz\u00f3 un 6,6%, con un aumento de 1,3 puntos porcentuales en doce meses y que representa casi 30 mil personas, lo que refleja un mercado laboral que enfrenta mayores presiones, especialmente por el incremento de personas que buscan trabajo\u201d.<\/p>\n\n\n\n<p>Asimismo, a\u00f1adi\u00f3 que \u201cnos preocupa particularmente la situaci\u00f3n de las mujeres, donde la desocupaci\u00f3n lleg\u00f3 a un 8,6%, ampliando las brechas de g\u00e9nero y evidenciando que la recuperaci\u00f3n del empleo a\u00fan no es equitativa. A esto se suma que el empleo total se mantiene estancado y que sectores relevantes como la administraci\u00f3n p\u00fablica y la agricultura han mostrado ca\u00eddas importantes\u201d.<\/p>\n\n\n\n<p>A su vez, asegur\u00f3 que \u201csi bien la informalidad presenta una leve disminuci\u00f3n, sigue siendo un desaf\u00edo relevante, especialmente considerando el aumento de mujeres en empleos informales\u201d.<\/p>\n\n\n\n<p>Finalmente, el seremi de Trabajo recalc\u00f3 que \u201ccomo Gobierno, estamos reforzando el trabajo en reactivaci\u00f3n econ\u00f3mica, promoviendo la creaci\u00f3n de empleo formal, fortaleciendo sectores productivos clave y avanzando en pol\u00edticas que permitan una mayor participaci\u00f3n laboral, con foco en las mujeres\u201d.<\/p>\n\n\n\n<p>Por su parte, desde el <strong>Ministerio de Econom\u00eda<\/strong> se destac\u00f3 la importancia de complementar este diagn\u00f3stico con una mirada orientada al crecimiento y la dinamizaci\u00f3n productiva, entendiendo que la generaci\u00f3n de empleo est\u00e1 directamente vinculada al desarrollo de la actividad econ\u00f3mica en la regi\u00f3n.<\/p>\n\n\n\n<p>Al respecto, la <strong>seremi de Econom\u00eda de Los Lagos, Gisela Strauch<\/strong>, sostuvo que \u201cdesde Econom\u00eda miramos estas cifras con responsabilidad, porque reflejan que la Regi\u00f3n de Los Lagos enfrenta un escenario donde el empleo no est\u00e1 creciendo al ritmo que necesitamos. El informe del INE muestra que no hubo variaci\u00f3n en las personas ocupadas, pero tambi\u00e9n evidencia movimientos en la econom\u00eda, con sectores como salud, comercio, alojamiento y servicios de comida que comienzan a dinamizarse\u201d.<\/p>\n\n\n\n<p>En esa l\u00ednea, la autoridad agreg\u00f3 que \u201ccomo Gobierno, y tal como lo ha mandatado el presidente Jos\u00e9 Antonio Kast, tenemos una tarea clara por delante que es revertir esta situaci\u00f3n, bajar la desocupaci\u00f3n y generar m\u00e1s y mejores empleos para las familias de la regi\u00f3n. Para eso, estamos enfocados en impulsar la inversi\u00f3n, acelerar proyectos, fortalecer a las pymes y destrabar iniciativas que permitan dinamizar la actividad econ\u00f3mica en las provincias\u201d.<\/p>\n\n\n\n<p>Asimismo, destac\u00f3 que a\u00fan existen brechas importantes, especialmente en la participaci\u00f3n laboral femenina, por lo que se est\u00e1 trabajando para que la recuperaci\u00f3n del empleo sea m\u00e1s inclusiva y llegue a todos los sectores.<\/p>\n\n\n\n<p>Finalmente, la seremi subray\u00f3 que \u201cvamos a seguir trabajando con decisi\u00f3n, articulando al sector p\u00fablico y privado, porque detr\u00e1s de cada cifra hay personas, y nuestro objetivo es que Los Lagos recupere dinamismo, genere oportunidades y avance hacia un desarrollo con m\u00e1s empleo y crecimiento sostenible\u201d.<\/p>\n\n\n\n<p>De esta forma, las autoridades coincidieron en que el escenario actual exige fortalecer el trabajo interinstitucional y la coordinaci\u00f3n p\u00fablico-privada, con foco en la inversi\u00f3n, la productividad y el impulso de sectores estrat\u00e9gicos, con el objetivo de generar condiciones m\u00e1s favorables para el empleo y avanzar hacia un desarrollo econ\u00f3mico sostenible en la Regi\u00f3n de Los Lagos.<\/p>\n","protected":false},"excerpt":{"rendered":"<p>De acuerdo con el bolet\u00edn, la tasa de desocupaci\u00f3n regional se ubic\u00f3 en 6,6%, registrando un aumento en doce meses, en un contexto donde la ocupaci\u00f3n no present\u00f3 variaci\u00f3n<\/p>\n","protected":false},"author":1,"featured_media":34632,"comment_status":"closed","ping_status":"closed","sticky":false,"template":"","format":"standard","meta":{"footnotes":""},"categories":[3,12,3608,9,4588,2483,4570],"tags":[2118,337,273,247,133],"class_list":["post-34631","post","type-post","status-publish","format-standard","has-post-thumbnail","hentry","category-al-dia","category-economia","category-estado","category-gobierno","category-indicadores-economicos","category-region","category-trabajo-y-empleo","tag-semanariolocal","tag-informacion","tag-noticias","tag-region-de-los-lagos","tag-semanario-local"],"_links":{"self":[{"href":"https:\/\/www.semanariolocal.cl\/index.php?rest_route=\/wp\/v2\/posts\/34631","targetHints":{"allow":["GET"]}}],"collection":[{"href":"https:\/\/www.semanariolocal.cl\/index.php?rest_route=\/wp\/v2\/posts"}],"about":[{"href":"https:\/\/www.semanariolocal.cl\/index.php?rest_route=\/wp\/v2\/types\/post"}],"author":[{"embeddable":true,"href":"https:\/\/www.semanariolocal.cl\/index.php?rest_route=\/wp\/v2\/users\/1"}],"replies":[{"embeddable":true,"href":"https:\/\/www.semanariolocal.cl\/index.php?rest_route=%2Fwp%2Fv2%2Fcomments&post=34631"}],"version-history":[{"count":2,"href":"https:\/\/www.semanariolocal.cl\/index.php?rest_route=\/wp\/v2\/posts\/34631\/revisions"}],"predecessor-version":[{"id":34634,"href":"https:\/\/www.semanariolocal.cl\/index.php?rest_route=\/wp\/v2\/posts\/34631\/revisions\/34634"}],"wp:featuredmedia":[{"embeddable":true,"href":"https:\/\/www.semanariolocal.cl\/index.php?rest_route=\/wp\/v2\/media\/34632"}],"wp:attachment":[{"href":"https:\/\/www.semanariolocal.cl\/index.php?rest_route=%2Fwp%2Fv2%2Fmedia&parent=34631"}],"wp:term":[{"taxonomy":"category","embeddable":true,"href":"https:\/\/www.semanariolocal.cl\/index.php?rest_route=%2Fwp%2Fv2%2Fcategories&post=34631"},{"taxonomy":"post_tag","embeddable":true,"href":"https:\/\/www.semanariolocal.cl\/index.php?rest_route=%2Fwp%2Fv2%2Ftags&post=34631"}],"curies":[{"name":"wp","href":"https:\/\/api.w.org\/{rel}","templated":true}]}}