{"id":34628,"date":"2026-04-29T10:30:00","date_gmt":"2026-04-29T14:30:00","guid":{"rendered":"https:\/\/www.semanariolocal.cl\/?p=34628"},"modified":"2026-04-29T19:33:34","modified_gmt":"2026-04-29T23:33:34","slug":"reposicion-de-la-rampa-que-mejora-la-conectividad-en-isla-alao-entra-en-fase-final","status":"publish","type":"post","link":"https:\/\/www.semanariolocal.cl\/?p=34628","title":{"rendered":"Reposici\u00f3n de la rampa que mejora la conectividad en Isla Alao entra en fase final"},"content":{"rendered":"\n<p><strong><mark style=\"background-color:#abb8c3\" class=\"has-inline-color has-white-color\">29 de Abril del 2026.-<\/mark><\/strong> La Direcci\u00f3n de Obras Portuarias del MOP en la Regi\u00f3n de Los Lagos realiz\u00f3 visitas inspectivas a dos obras en ejecuci\u00f3n, encabezadas por la directora regional, Andrea Carrasco, con foco en verificar avances, plazos y condiciones de ejecuci\u00f3n en terreno. Las jornadas se iniciaron en la comuna de Quinchao, en la Isla Alao, donde se constat\u00f3 el estado del proyecto de reposici\u00f3n de la rampa en el sector Capilla, iniciativa que alcanza un 99% de avance f\u00edsico real y que se encuentra en etapa de terminaciones.<\/p>\n\n\n\n<p>La obra, que implica una inversi\u00f3n de $4.298 millones con financiamiento sectorial, contempla la reposici\u00f3n completa de la rampa existente mediante una estructura de 127 metros de longitud y 7 metros de ancho, junto con el mejoramiento de una explanada de aproximadamente 650 m\u00b2, la construcci\u00f3n de un nuevo refugio y la incorporaci\u00f3n de iluminaci\u00f3n aut\u00f3noma con energ\u00eda solar.<\/p>\n\n\n\n<p>A ello se suman medidas de accesibilidad universal, se\u00f1alizaci\u00f3n y segregaci\u00f3n de flujos peatonales y vehiculares. El proyecto permitir\u00e1 mejorar las condiciones de embarque y desembarque, aumentar la seguridad de las operaciones y asegurar conectividad permanente para los habitantes de la isla y sectores cercanos.<\/p>\n\n\n\n<p>\u201cDurante la inspecci\u00f3n, se verific\u00f3 el cumplimiento de la programaci\u00f3n de obra, con t\u00e9rmino previsto para este mes y entrada en operaci\u00f3n durante mayo. Adem\u00e1s, se revisaron las condiciones finales de ejecuci\u00f3n asociadas a terminaciones, equipamiento y funcionamiento de la infraestructura, en una obra que ha generado empleo local y que cierra una brecha concreta de conectividad en territorio insular\u201d, destac\u00f3 la directora regional, Andrea Carrasco.<\/p>\n\n\n\n<p>Posteriormente, la autoridad se traslad\u00f3 a la provincia de Osorno para inspeccionar el avance del proyecto \u201cMejoramiento integral Caleta Bah\u00eda Mansa\u201d, actualmente en ejecuci\u00f3n con un 43% de avance f\u00edsico y una inversi\u00f3n de $9.762 millones.<\/p>\n\n\n\n<p>La iniciativa responde a la alta demanda operativa de la caleta, donde hoy convergen actividades de pesca artesanal, transporte mar\u00edtimo subsidiado y turismo, sin infraestructura suficiente para su adecuada operaci\u00f3n.<\/p>\n\n\n\n<p>El proyecto contempla la construcci\u00f3n de un nuevo muelle exclusivo para la pesca artesanal, equipado con sistemas de descarga, adem\u00e1s de una explanada operativa, nuevas \u00e1reas de almacenamiento, servicios higi\u00e9nicos, espacios de apoyo productivo y una edificaci\u00f3n multiprop\u00f3sito destinada a labores administrativas, comerciales y comunitarias. A esto se suma la reorganizaci\u00f3n del borde costero, separando funciones para mejorar la eficiencia operativa y las condiciones de trabajo de los usuarios.<\/p>\n\n\n\n<p>El seremi del MOP en Los Lagos, Jairo Quinteros Mayne, destac\u00f3 la relevancia que significan ambas inversiones para la conectividad costera de nuestra regi\u00f3n. \u201cEn el caso de la rampa de Isla Alao, es una obra que est\u00e1 finalizando y que se traduce en una inversi\u00f3n de gran relevancia para sus habitantes y sectores productivos isle\u00f1os\u201d, dijo, y agreg\u00f3 que \u201ctanto esta obra, como la que se desarrolla en la Caleta de Bah\u00eda Mansa, son aportes concretos para el desarrollo de la pesca artesanal y el turismo en nuestra zona\u201d, dijo.<\/p>\n\n\n\n<p>Para la directora regional, las visitas permitieron no solo verificar avances f\u00edsicos, sino tambi\u00e9n abordar aspectos de gesti\u00f3n y ejecuci\u00f3n propios de cada obra, reforzando el seguimiento en terreno como herramienta para asegurar cumplimiento de plazos, calidad de las obras y respuesta oportuna ante contingencias.<\/p>\n","protected":false},"excerpt":{"rendered":"<p>La directora regional de Obras Portuarias, Andrea Carrasco, inform\u00f3 que los trabajos, que mejoran las condiciones de acceso, seguridad y operaci\u00f3n mar\u00edtima, estar\u00e1n listos en mayo.<\/p>\n","protected":false},"author":1,"featured_media":34629,"comment_status":"closed","ping_status":"closed","sticky":false,"template":"","format":"standard","meta":{"footnotes":""},"categories":[4422,4586,4690,4984,4584,4983,4338,4949,2483,4585],"tags":[2118,337,427,4985,273,247,133],"class_list":["post-34628","post","type-post","status-publish","format-standard","has-post-thumbnail","hentry","category-chiloe","category-direccion-regional","category-inversion","category-inversion-publica","category-ministerio","category-obras-publicas","category-organismos-publicos","category-publico-privada","category-region","category-seremia","tag-semanariolocal","tag-informacion","tag-mop","tag-mop-los-lagos","tag-noticias","tag-region-de-los-lagos","tag-semanario-local"],"_links":{"self":[{"href":"https:\/\/www.semanariolocal.cl\/index.php?rest_route=\/wp\/v2\/posts\/34628","targetHints":{"allow":["GET"]}}],"collection":[{"href":"https:\/\/www.semanariolocal.cl\/index.php?rest_route=\/wp\/v2\/posts"}],"about":[{"href":"https:\/\/www.semanariolocal.cl\/index.php?rest_route=\/wp\/v2\/types\/post"}],"author":[{"embeddable":true,"href":"https:\/\/www.semanariolocal.cl\/index.php?rest_route=\/wp\/v2\/users\/1"}],"replies":[{"embeddable":true,"href":"https:\/\/www.semanariolocal.cl\/index.php?rest_route=%2Fwp%2Fv2%2Fcomments&post=34628"}],"version-history":[{"count":1,"href":"https:\/\/www.semanariolocal.cl\/index.php?rest_route=\/wp\/v2\/posts\/34628\/revisions"}],"predecessor-version":[{"id":34630,"href":"https:\/\/www.semanariolocal.cl\/index.php?rest_route=\/wp\/v2\/posts\/34628\/revisions\/34630"}],"wp:featuredmedia":[{"embeddable":true,"href":"https:\/\/www.semanariolocal.cl\/index.php?rest_route=\/wp\/v2\/media\/34629"}],"wp:attachment":[{"href":"https:\/\/www.semanariolocal.cl\/index.php?rest_route=%2Fwp%2Fv2%2Fmedia&parent=34628"}],"wp:term":[{"taxonomy":"category","embeddable":true,"href":"https:\/\/www.semanariolocal.cl\/index.php?rest_route=%2Fwp%2Fv2%2Fcategories&post=34628"},{"taxonomy":"post_tag","embeddable":true,"href":"https:\/\/www.semanariolocal.cl\/index.php?rest_route=%2Fwp%2Fv2%2Ftags&post=34628"}],"curies":[{"name":"wp","href":"https:\/\/api.w.org\/{rel}","templated":true}]}}