{"id":34625,"date":"2026-04-29T11:30:00","date_gmt":"2026-04-29T15:30:00","guid":{"rendered":"https:\/\/www.semanariolocal.cl\/?p=34625"},"modified":"2026-04-29T14:21:33","modified_gmt":"2026-04-29T18:21:33","slug":"minagri-transfiere-1-887-millones-en-apoyo-a-agricultores-por-alza-de-precios-en-insumos","status":"publish","type":"post","link":"https:\/\/www.semanariolocal.cl\/?p=34625","title":{"rendered":"Minagri transfiere $1.887 millones en apoyo a agricultores por alza de precios en insumos"},"content":{"rendered":"\n<p><strong><mark style=\"background-color:#abb8c3\" class=\"has-inline-color has-white-color\">29 de Abril del 2026.-<\/mark><\/strong> En medio de un escenario de alza en los precios de los insumos agr\u00edcolas, el Ministerio de Agricultura (Minagri), a trav\u00e9s del Instituto de Desarrollo Agropecuario (INDAP), anunci\u00f3 la entrega de un aporte econ\u00f3mico para 9.432 agricultores y campesinos de la regi\u00f3n de Los Lagos, con tal de ayudarles a enfrentar el incremento en los costos de producci\u00f3n, siendo de las regiones con mayor cantidad de beneficiarios.<\/p>\n\n\n\n<p>Si bien todos los a\u00f1os el INDAP entrega el incentivo Capital de Trabajo a los usuarios microproductores del Programa de Desarrollo Local (Prodesal), este a\u00f1o el monto por agricultor subi\u00f3 de $145.000 a $200.000, sumando un total de $1.887 millones a nivel regional.<\/p>\n\n\n\n<p>El seremi de Agricultura Francisco C\u00e1rcamo, destac\u00f3 que \u201cqueremos valorar la medida que ha determinado el Ministerio de Agricultura a trav\u00e9s de INDAP, de transferir recursos a los agricultores de la regi\u00f3n de Los Lagos, hacer uso de un instrumento vigente que es el incentivo al capital de trabajo Y que tiene el objetivo de comprar y adquirir suministros y equipamiento b\u00e1sico para las actividades silvoagropecuarias. Es una medida importante para poder cofinanciar la adquisici\u00f3n de insumos b\u00e1sicos, como fertilizantes, polietileno, herramientas, cintas de riego, vacunas, insumos veterinarios, alimento animal, entre otros\u201d.<\/p>\n\n\n\n<p>La subdirectora (s) del INDAP, Antonella Pecchenino, se\u00f1al\u00f3: \u201chicimos un esfuerzo para aumentar el beneficio a nuestros usuarios este a\u00f1o, para que tengan algo de alivio al bolsillo. Tal como nos encarg\u00f3 el presidente Jos\u00e9 Antonio Kast, estamos trabajando con sentido de urgencia para enfrentar este escenario desafiante que tenemos, por causas externas a nuestro pa\u00eds. Nuestro compromiso es apoyar a la Agricultura Familiar Campesina y mejorar su calidad de vida\u201d.<\/p>\n\n\n\n<p>La entrega de Capital de Trabajo se realizar\u00e1 durante el primer semestre de 2026 y opera de tres maneras: a trav\u00e9s de abono bancario, pago en efectivo directamente al usuario o por mandato de cada usuario.<\/p>\n\n\n\n<p>Para m\u00e1s informaci\u00f3n, se sugiere contactar a las agencias de \u00e1rea u oficinas regionales de INDAP o ingresar a&nbsp;<a href=\"https:\/\/www.indap.gob.cl\/\" target=\"_blank\" rel=\"noreferrer noopener\">www.indap.gob.cl<\/a>.<\/p>\n","protected":false},"excerpt":{"rendered":"<p>El incentivo Capital de Trabajo, entregado a trav\u00e9s de INDAP, est\u00e1 destinado a la compra de suministros y equipamiento b\u00e1sico para actividades silvoagropecuarias. Este a\u00f1o, el apoyo beneficiar\u00e1 a 9.432 peque\u00f1os agricultores de la regi\u00f3n.<\/p>\n","protected":false},"author":1,"featured_media":34626,"comment_status":"closed","ping_status":"closed","sticky":false,"template":"","format":"standard","meta":{"footnotes":""},"categories":[4333,3608,9,4338,4192,3842,4585,3528],"tags":[2118,191,810,337,4371,856,273,247,133,1417],"class_list":["post-34625","post","type-post","status-publish","format-standard","has-post-thumbnail","hentry","category-agricultura-familiar","category-estado","category-gobierno","category-organismos-publicos","category-politica-social","category-politicas-publicas","category-seremia","category-servicios-publicos","tag-semanariolocal","tag-gobierno","tag-indap","tag-informacion","tag-minagri-chile","tag-minagri-los-lagos","tag-noticias","tag-region-de-los-lagos","tag-semanario-local","tag-seremi-de-agricultura"],"_links":{"self":[{"href":"https:\/\/www.semanariolocal.cl\/index.php?rest_route=\/wp\/v2\/posts\/34625","targetHints":{"allow":["GET"]}}],"collection":[{"href":"https:\/\/www.semanariolocal.cl\/index.php?rest_route=\/wp\/v2\/posts"}],"about":[{"href":"https:\/\/www.semanariolocal.cl\/index.php?rest_route=\/wp\/v2\/types\/post"}],"author":[{"embeddable":true,"href":"https:\/\/www.semanariolocal.cl\/index.php?rest_route=\/wp\/v2\/users\/1"}],"replies":[{"embeddable":true,"href":"https:\/\/www.semanariolocal.cl\/index.php?rest_route=%2Fwp%2Fv2%2Fcomments&post=34625"}],"version-history":[{"count":1,"href":"https:\/\/www.semanariolocal.cl\/index.php?rest_route=\/wp\/v2\/posts\/34625\/revisions"}],"predecessor-version":[{"id":34627,"href":"https:\/\/www.semanariolocal.cl\/index.php?rest_route=\/wp\/v2\/posts\/34625\/revisions\/34627"}],"wp:featuredmedia":[{"embeddable":true,"href":"https:\/\/www.semanariolocal.cl\/index.php?rest_route=\/wp\/v2\/media\/34626"}],"wp:attachment":[{"href":"https:\/\/www.semanariolocal.cl\/index.php?rest_route=%2Fwp%2Fv2%2Fmedia&parent=34625"}],"wp:term":[{"taxonomy":"category","embeddable":true,"href":"https:\/\/www.semanariolocal.cl\/index.php?rest_route=%2Fwp%2Fv2%2Fcategories&post=34625"},{"taxonomy":"post_tag","embeddable":true,"href":"https:\/\/www.semanariolocal.cl\/index.php?rest_route=%2Fwp%2Fv2%2Ftags&post=34625"}],"curies":[{"name":"wp","href":"https:\/\/api.w.org\/{rel}","templated":true}]}}