{"id":34608,"date":"2026-04-28T09:30:00","date_gmt":"2026-04-28T13:30:00","guid":{"rendered":"https:\/\/www.semanariolocal.cl\/?p=34608"},"modified":"2026-04-28T11:32:46","modified_gmt":"2026-04-28T15:32:46","slug":"udi-llama-al-gobierno-a-modificar-gobernanza-del-indh-y-terminar-con-captura-ideologica","status":"publish","type":"post","link":"https:\/\/www.semanariolocal.cl\/?p=34608","title":{"rendered":"UDI llama al Gobierno a modificar gobernanza del INDH y \u00abterminar con captura ideol\u00f3gica\u00bb"},"content":{"rendered":"\n<p><strong><mark style=\"background-color:#abb8c3\" class=\"has-inline-color has-white-color\">28 de abril del 2026.-<\/mark><\/strong> En medio de los pol\u00e9micos cuestionamientos que el director del Instituto Nacional de Derechos Humanos (INDH), Yerko Ljubetic, realiz\u00f3 este martes a la denominada \u00abLey Nain-Retamal\u00bb, los diputados de la Bancada UDI que integran las comisiones de Seguridad Ciudadana y de Derechos Humanos de la C\u00e1mara Baja, Eduardo Cretton y Hotuiti Teao, respectivamente, llamaron al Gobierno a ingresar con \u00abm\u00e1xima prioridad\u00bb un proyecto de ley para modificar la gobernanza del organismo.<\/p>\n\n\n\n<p>Al respecto, fue durante la cuenta p\u00fablica del instituto -que coincidi\u00f3 con un nuevo aniversario de Carabineros- que el actual director manifest\u00f3 que \u00absiempre vamos a tener una mirada cr\u00edtica sobre aquellas cuestiones que no s\u00f3lo contribuyen a la eficacia de la acci\u00f3n policial, sino que conspiran contra ella\u00bb, agregando que la ley aprobada en 2023 \u00abes, probablemente, uno de los atentados m\u00e1s relevantes contra la posibilidad de cumplimiento efectivo del mandato del INDH\u00bb, insistiendo en que \u00abla ampliaci\u00f3n de los niveles de impunidad de carabineros que puedan, vulnerando sus normas y las normas legales, atentar contra los derechos de otros, no contribuye a la mayor eficacia policial\u00bb.<\/p>\n\n\n\n<p>En esa l\u00ednea, si bien los parlamentarios gremialistas se\u00f1alaron que las declaraciones de Ljubetic \u00abno nos sorprenden\u00bb, calificaron como \u00abfundamental\u00bb que el Ejecutivo pueda impulsar una reforma para cambiar la gobernanza del INDH. Lo anterior -aseguraron los diputados Cretton y Teao- con la finalidad de \u00abterminar con la captura ideol\u00f3gica de la que ha sido v\u00edctima el organismo por parte de organizaciones de izquierda\u00bb, garantizando as\u00ed una \u00abverdadera autonom\u00eda al interior del instituto\u00bb.<\/p>\n\n\n\n<p>\u00abLa Ley Nain-Retamal, que cost\u00f3 mucho sacar adelante, pero que finalmente fue aprobada por el Congreso, se ha convertido en una herramienta fundamental para fortalecer el actuar de nuestras polic\u00edas, otorg\u00e1ndoles un mayor respaldo jur\u00eddico en un contexto de m\u00e1s violencia y delincuencia en el pa\u00eds. Por lo mismo, cuestionarla en esos t\u00e9rminos no s\u00f3lo es irresponsable, sino que tambi\u00e9n es contrario al sentir mayoritario de la ciudadan\u00eda, que desde hace muchos a\u00f1os viene exigiendo a las autoridades mayor seguridad y orden p\u00fablico\u00bb, cuestionaron los integrantes de la Bancada UDI.<\/p>\n\n\n\n<p>Pero adem\u00e1s, Eduardo Cretton y Hotuiti Teao acusaron que los dichos del titular del INDH, junto con ser \u00ababsolutamente desafortunados\u00bb, transgreden -a su juicio- \u00abel mandato que la ley le entrega al organismo\u00bb, advirtiendo que \u00abaqu\u00ed no s\u00f3lo estamos frente a una opini\u00f3n t\u00e9cnica, sino que ante una postura claramente ideologizada que termina debilitando la confianza e imparcialidad del instituto\u00bb.<\/p>\n\n\n\n<p>Por lo mismo, a pesar de que la Bancada UDI present\u00f3 un proyecto de resoluci\u00f3n en los mismos t\u00e9rminos, que deber\u00e1 ser votado durante las pr\u00f3ximas semanas, ambos parlamentarios insistieron en su llamado al Gobierno a ingresar una iniciativa legal para modificar la estructura del organismo.<\/p>\n\n\n\n<p>\u00abHace mucho tiempo que el INDH dej\u00f3 de ser un organismo t\u00e9cnico e imparcial. Lo que hemos visto, en cambio, es una captura ideol\u00f3gica por parte de sectores de izquierda, que han instrumentalizado esta instituci\u00f3n con fines pol\u00edticos, alej\u00e1ndola por completo de su rol de resguardar los derechos humanos de todas las personas, sin distinci\u00f3n. Por eso es fundamental que el Ejecutivo presente un proyecto para modificar su gobernanza, porque de lo contrario seguiremos teniendo un organismo que se dedica m\u00e1s a intervenir en el debate pol\u00edtico que a cumplir su funci\u00f3n principal\u00bb, reiteraron.<\/p>\n","protected":false},"excerpt":{"rendered":"<p>Los diputados Eduardo Cretton y Hotuiti Teao solicitaron al Ejecutivo presentar una reforma con \u00abm\u00e1xima urgencia\u00bb, para as\u00ed recuperar la \u00abautonom\u00eda e imparcialidad\u00bb del organismo.<\/p>\n","protected":false},"author":1,"featured_media":34609,"comment_status":"closed","ping_status":"closed","sticky":false,"template":"","format":"standard","meta":{"footnotes":""},"categories":[3608,9,3816,6,4837],"tags":[2118,337,273,247,133,52],"class_list":["post-34608","post","type-post","status-publish","format-standard","has-post-thumbnail","hentry","category-estado","category-gobierno","category-partidos-politicos","category-politica","category-tema-pais","tag-semanariolocal","tag-informacion","tag-noticias","tag-region-de-los-lagos","tag-semanario-local","tag-udi"],"_links":{"self":[{"href":"https:\/\/www.semanariolocal.cl\/index.php?rest_route=\/wp\/v2\/posts\/34608","targetHints":{"allow":["GET"]}}],"collection":[{"href":"https:\/\/www.semanariolocal.cl\/index.php?rest_route=\/wp\/v2\/posts"}],"about":[{"href":"https:\/\/www.semanariolocal.cl\/index.php?rest_route=\/wp\/v2\/types\/post"}],"author":[{"embeddable":true,"href":"https:\/\/www.semanariolocal.cl\/index.php?rest_route=\/wp\/v2\/users\/1"}],"replies":[{"embeddable":true,"href":"https:\/\/www.semanariolocal.cl\/index.php?rest_route=%2Fwp%2Fv2%2Fcomments&post=34608"}],"version-history":[{"count":1,"href":"https:\/\/www.semanariolocal.cl\/index.php?rest_route=\/wp\/v2\/posts\/34608\/revisions"}],"predecessor-version":[{"id":34610,"href":"https:\/\/www.semanariolocal.cl\/index.php?rest_route=\/wp\/v2\/posts\/34608\/revisions\/34610"}],"wp:featuredmedia":[{"embeddable":true,"href":"https:\/\/www.semanariolocal.cl\/index.php?rest_route=\/wp\/v2\/media\/34609"}],"wp:attachment":[{"href":"https:\/\/www.semanariolocal.cl\/index.php?rest_route=%2Fwp%2Fv2%2Fmedia&parent=34608"}],"wp:term":[{"taxonomy":"category","embeddable":true,"href":"https:\/\/www.semanariolocal.cl\/index.php?rest_route=%2Fwp%2Fv2%2Fcategories&post=34608"},{"taxonomy":"post_tag","embeddable":true,"href":"https:\/\/www.semanariolocal.cl\/index.php?rest_route=%2Fwp%2Fv2%2Ftags&post=34608"}],"curies":[{"name":"wp","href":"https:\/\/api.w.org\/{rel}","templated":true}]}}