{"id":34602,"date":"2026-04-28T11:21:49","date_gmt":"2026-04-28T15:21:49","guid":{"rendered":"https:\/\/www.semanariolocal.cl\/?p=34602"},"modified":"2026-04-28T11:21:50","modified_gmt":"2026-04-28T15:21:50","slug":"corte-suprema-revoca-sentencia-que-obligaba-al-sso-a-compra-de-medicamento","status":"publish","type":"post","link":"https:\/\/www.semanariolocal.cl\/?p=34602","title":{"rendered":"Corte Suprema revoca sentencia que obligaba al SSO a compra de medicamento"},"content":{"rendered":"\n<p><strong><mark style=\"background-color:#abb8c3\" class=\"has-inline-color has-white-color\">28 de Abril del 2026.-<\/mark><\/strong> La causa se origin\u00f3 el 29 de diciembre de 2025, cuando se present\u00f3 un recurso de protecci\u00f3n en contra del Ministerio de Salud, Servicio de Salud Osorno, Hospital Base San Jos\u00e9 de Osorno y el Fondo Nacional de Salud (Fonasa), solicitando la entrega y financiamiento del medicamento Riociguat, tratamiento indicado para la paciente y cuyo costo anual informado supera los $28 millones.<\/p>\n\n\n\n<p>Posteriormente, en febrero de 2026, la Corte de Apelaciones de Valdivia acogi\u00f3 la acci\u00f3n de protecci\u00f3n y orden\u00f3 la entrega del f\u00e1rmaco, adem\u00e1s del financiamiento correspondiente.<\/p>\n\n\n\n<p>Sin embargo, dicha resoluci\u00f3n fue apelada por el Servicio de Salud Osorno y por el Consejo de Defensa del Estado, en representaci\u00f3n del Ministerio de Salud, elev\u00e1ndose los antecedentes a la Corte Suprema para su revisi\u00f3n.<\/p>\n\n\n\n<p><strong>Corte Suprema emiti\u00f3 sentencia<\/strong><\/p>\n\n\n\n<p>Con fecha 30 de marzo de 2026, la Corte Suprema dict\u00f3 una sentencia respecto de esta causa. No obstante, posteriormente se detectaron errores en su contenido, por lo que se presentaron solicitudes formales para su aclaraci\u00f3n, rectificaci\u00f3n y enmienda.<\/p>\n\n\n\n<p>Luego de revisar estos antecedentes, el m\u00e1ximo tribunal emiti\u00f3 una nueva sentencia con fecha 24 de abril de 2026. En esta sentencia definitiva, la Corte Suprema dej\u00f3 sin efecto la Sentencia anterior y revoc\u00f3 el fallo dictado por la Corte de Apelaciones de Valdivia, rechazando finalmente el recurso de protecci\u00f3n presentado.<\/p>\n\n\n\n<p><strong>Principales fundamentos del fallo<\/strong><\/p>\n\n\n\n<p>Entre los antecedentes considerados por el tribunal, se indic\u00f3 que los informes m\u00e9dicos revisados no daban cuenta de una situaci\u00f3n de riesgo vital actual de la paciente. Asimismo, la Corte Suprema se\u00f1al\u00f3 que los eventuales beneficios que pudiera generar el tratamiento solicitado no resultan suficientes, por s\u00ed solos, para ordenar judicialmente su cobertura mediante esta v\u00eda legal.<\/p>\n\n\n\n<p>Junto con ello, se estableci\u00f3 que el medicamento requerido no forma parte de las prestaciones regulares actualmente cubiertas por Fonasa, ni de las Garant\u00edas Expl\u00edcitas en Salud (GES), ni de otros programas especiales vigentes destinados al financiamiento de medicamentos de alto costo.<\/p>\n\n\n\n<p>En ese contexto, el tribunal concluy\u00f3 que no correspond\u00eda acoger la solicitud en los t\u00e9rminos planteados por la acci\u00f3n presentada.<\/p>\n\n\n\n<p><strong>Servicio de Salud Osorno mantiene acompa\u00f1amiento cl\u00ednico<\/strong><\/p>\n\n\n\n<p>El Servicio de Salud Osorno reafirma que se contin\u00faa desarrollando el acompa\u00f1amiento asistencial correspondiente a la usuaria, manteniendo la coordinaci\u00f3n con el Instituto Nacional del T\u00f3rax y con los equipos cl\u00ednicos pertinentes, junto con el seguimiento m\u00e9dico permanente de su condici\u00f3n de salud.<\/p>\n\n\n\n<p>Asimismo, se seguir\u00e1n evaluando alternativas terap\u00e9uticas disponibles y todas aquellas acciones que, dentro del marco de las competencias institucionales, permitan resguardar la continuidad de su atenci\u00f3n.<\/p>\n\n\n\n<p>Como instituci\u00f3n p\u00fablica, el Servicio de Salud Osorno reitera su compromiso con brindar atenci\u00f3n oportuna, segura y centrada en las personas, velando siempre por el uso responsable de los recursos sanitarios y por el cumplimiento del marco legal vigente.<\/p>\n","protected":false},"excerpt":{"rendered":"<p>El m\u00e1ximo tribunal dej\u00f3 sin efecto el fallo de la Ilustr\u00edsima Corte de Apelaciones de Valdivia, que hab\u00eda ordenado entregar y financiar un medicamento de alto costo solicitado por una usuaria a trav\u00e9s de un recurso de protecci\u00f3n<\/p>\n","protected":false},"author":1,"featured_media":34603,"comment_status":"closed","ping_status":"closed","sticky":false,"template":"","format":"standard","meta":{"footnotes":""},"categories":[3,4397,4480,2484,3528,4793],"tags":[2118,337,273,247,133],"class_list":["post-34602","post","type-post","status-publish","format-standard","has-post-thumbnail","hentry","category-al-dia","category-derecho","category-legal-y-judicial","category-salud","category-servicios-publicos","category-tribunales","tag-semanariolocal","tag-informacion","tag-noticias","tag-region-de-los-lagos","tag-semanario-local"],"_links":{"self":[{"href":"https:\/\/www.semanariolocal.cl\/index.php?rest_route=\/wp\/v2\/posts\/34602","targetHints":{"allow":["GET"]}}],"collection":[{"href":"https:\/\/www.semanariolocal.cl\/index.php?rest_route=\/wp\/v2\/posts"}],"about":[{"href":"https:\/\/www.semanariolocal.cl\/index.php?rest_route=\/wp\/v2\/types\/post"}],"author":[{"embeddable":true,"href":"https:\/\/www.semanariolocal.cl\/index.php?rest_route=\/wp\/v2\/users\/1"}],"replies":[{"embeddable":true,"href":"https:\/\/www.semanariolocal.cl\/index.php?rest_route=%2Fwp%2Fv2%2Fcomments&post=34602"}],"version-history":[{"count":1,"href":"https:\/\/www.semanariolocal.cl\/index.php?rest_route=\/wp\/v2\/posts\/34602\/revisions"}],"predecessor-version":[{"id":34604,"href":"https:\/\/www.semanariolocal.cl\/index.php?rest_route=\/wp\/v2\/posts\/34602\/revisions\/34604"}],"wp:featuredmedia":[{"embeddable":true,"href":"https:\/\/www.semanariolocal.cl\/index.php?rest_route=\/wp\/v2\/media\/34603"}],"wp:attachment":[{"href":"https:\/\/www.semanariolocal.cl\/index.php?rest_route=%2Fwp%2Fv2%2Fmedia&parent=34602"}],"wp:term":[{"taxonomy":"category","embeddable":true,"href":"https:\/\/www.semanariolocal.cl\/index.php?rest_route=%2Fwp%2Fv2%2Fcategories&post=34602"},{"taxonomy":"post_tag","embeddable":true,"href":"https:\/\/www.semanariolocal.cl\/index.php?rest_route=%2Fwp%2Fv2%2Ftags&post=34602"}],"curies":[{"name":"wp","href":"https:\/\/api.w.org\/{rel}","templated":true}]}}