{"id":34599,"date":"2026-04-28T11:12:06","date_gmt":"2026-04-28T15:12:06","guid":{"rendered":"https:\/\/www.semanariolocal.cl\/?p=34599"},"modified":"2026-04-28T11:12:08","modified_gmt":"2026-04-28T15:12:08","slug":"influenza-aviar-y-comercio-exterior-claves-para-entender-el-impacto-en-la-industria-chilena","status":"publish","type":"post","link":"https:\/\/www.semanariolocal.cl\/?p=34599","title":{"rendered":"Influenza aviar y comercio exterior: claves para entender el impacto en la industria chilena"},"content":{"rendered":"\n<p><strong><mark style=\"background-color:#abb8c3\" class=\"has-inline-color has-white-color\">28 de abril del 2026.-<\/mark><\/strong> La reciente detecci\u00f3n de un brote de influenza aviar de alta patogenicidad en Chile ha puesto en evidencia la estrecha relaci\u00f3n entre sanidad animal y comercio internacional, generando efectos inmediatos en mercados altamente exigentes. As\u00ed lo analiza la acad\u00e9mica del\u00a0<a href=\"https:\/\/www.uoh.cl\/instituto-de-ciencias-agroalimentarias\/\" target=\"_blank\" rel=\"noreferrer noopener\">Instituto de Ciencias Agroalimentarias, Animales y Ambientales<\/a>\u00a0(ICA3) de la\u00a0<a href=\"http:\/\/www.uoh.cl\/\" target=\"_blank\" rel=\"noreferrer noopener\">Universidad de O\u2019Higgins<\/a>\u00a0(UOH), la\u00a0<a href=\"https:\/\/www.uoh.cl\/investigacion\/academico\/paula-toro\/\" target=\"_blank\" rel=\"noreferrer noopener\">Dra. Paula Toro Mujica<\/a>, quien aborda las principales implicancias de este escenario para el sector av\u00edcola nacional.<\/p>\n\n\n\n<p>De acuerdo con la especialista, la confirmaci\u00f3n de un foco en aves de corral puede activar r\u00e1pidamente restricciones comerciales por parte de pa\u00edses importadores, pues \u201cla detecci\u00f3n de un brote es extremadamente relevante para el comercio internacional, ya que se interpreta como una p\u00e9rdida temporal del estatus sanitario libre del pa\u00eds o zona de origen\u201d, explica. En ese contexto, Chile activ\u00f3 una autosuspensi\u00f3n de sus exportaciones av\u00edcolas tras la confirmaci\u00f3n de un brote en la Regi\u00f3n Metropolitana, en l\u00ednea con los protocolos internacionales.<\/p>\n\n\n\n<p>La Dra. Toro detalla que estas decisiones se sustentan en marcos regulatorios globales como el C\u00f3digo Sanitario para los Animales Terrestres de la Organizaci\u00f3n Mundial de Sanidad Animal (OMSA) y el Acuerdo sobre Medidas Sanitarias y Fitosanitarias de la Organizaci\u00f3n Mundial del Comercio (OMC), que establecen criterios para resguardar la sanidad y el comercio seguro, incluyendo herramientas como la zonificaci\u00f3n, la certificaci\u00f3n veterinaria y la vigilancia epidemiol\u00f3gica.<\/p>\n\n\n\n<p>En cuanto a los desaf\u00edos que enfrenta la industria, la investigadora sostiene que el principal objetivo es controlar r\u00e1pidamente el brote, evitar su propagaci\u00f3n y demostrar la ausencia de circulaci\u00f3n viral.<\/p>\n\n\n\n<p>\u201cEsto implica una coordinaci\u00f3n estrecha entre el sector p\u00fablico y privado, junto con medidas como el sacrificio sanitario, la limpieza y desinfecci\u00f3n de los planteles afectados, la restricci\u00f3n de movimientos y una vigilancia activa\u201d, se\u00f1ala la acad\u00e9mica.<\/p>\n\n\n\n<p>Desde el punto de vista productivo, la bioseguridad se posiciona como una herramienta fundamental para prevenir nuevos focos. En ese sentido, la especialista indica que las medidas deben centrarse en reducir tanto la entrada como la salida del virus en los planteles comerciales, ya que \u201ces clave reforzar el aislamiento de las aves, controlar el ingreso de personas, veh\u00edculos e insumos, proteger las fuentes de agua y alimento, y mantener protocolos estrictos de limpieza y desinfecci\u00f3n\u201d, afirma. A ello se suma la capacitaci\u00f3n del personal, el fortalecimiento de la infraestructura y la notificaci\u00f3n oportuna de cualquier signo sospechoso ante el Servicio Agr\u00edcola y Ganadero (SAG).<\/p>\n\n\n\n<p>En este escenario, Paula Toro tambi\u00e9n enfatiza la relevancia de fortalecer la comunicaci\u00f3n de riesgo hacia la ciudadan\u00eda y los actores productivos, ya que en estos casos \u201cla gesti\u00f3n de este tipo de crisis no solo depende de las medidas sanitarias, sino tambi\u00e9n de la capacidad de informar adecuadamente, generar confianza y alinear a todos los actores en torno a una respuesta coordinada\u201d.<\/p>\n\n\n\n<p>Respecto a los impactos econ\u00f3micos, la acad\u00e9mica advierte que la suspensi\u00f3n de importaciones por parte de China podr\u00eda generar efectos inmediatos en los ingresos del sector, considerando la relevancia de este mercado para las exportaciones av\u00edcolas chilenas&nbsp;y la necesidad de una reorganizaci\u00f3n log\u00edstica por parte de la industria ante este nuevo escenario.<\/p>\n\n\n\n<p>Finalmente, destaca que este tipo de situaciones representa tambi\u00e9n un desaf\u00edo estrat\u00e9gico para el pa\u00eds, dado que \u201cm\u00e1s all\u00e1 del impacto econ\u00f3mico inmediato, estos episodios obligan a fortalecer la bioseguridad, la trazabilidad y la diversificaci\u00f3n de mercados, con el objetivo de sostener la confianza internacional y asegurar la continuidad del comercio exterior\u201d, concluye la Dra. Toro.<\/p>\n","protected":false},"excerpt":{"rendered":"<p>Acad\u00e9mica UOH explica c\u00f3mo los brotes sanitarios inciden en las exportaciones, los desaf\u00edos de control epidemiol\u00f3gico y la importancia de la bioseguridad para resguardar la competitividad del sector<\/p>\n","protected":false},"author":1,"featured_media":34600,"comment_status":"closed","ping_status":"closed","sticky":false,"template":"","format":"standard","meta":{"footnotes":""},"categories":[4333,20,4586,4396,3608,3846,4965,3842,3528],"tags":[2118,4886,337,4966,273,247,133,2105],"class_list":["post-34599","post","type-post","status-publish","format-standard","has-post-thumbnail","hentry","category-agricultura-familiar","category-agro","category-direccion-regional","category-especialista","category-estado","category-industria-agricola","category-industria-aviar","category-politicas-publicas","category-servicios-publicos","tag-semanariolocal","tag-dra-paula-toro-mujica","tag-informacion","tag-instituto-de-ciencias-agroalimentaria","tag-noticias","tag-region-de-los-lagos","tag-semanario-local","tag-universidad-bernardo-ohiggins"],"_links":{"self":[{"href":"https:\/\/www.semanariolocal.cl\/index.php?rest_route=\/wp\/v2\/posts\/34599","targetHints":{"allow":["GET"]}}],"collection":[{"href":"https:\/\/www.semanariolocal.cl\/index.php?rest_route=\/wp\/v2\/posts"}],"about":[{"href":"https:\/\/www.semanariolocal.cl\/index.php?rest_route=\/wp\/v2\/types\/post"}],"author":[{"embeddable":true,"href":"https:\/\/www.semanariolocal.cl\/index.php?rest_route=\/wp\/v2\/users\/1"}],"replies":[{"embeddable":true,"href":"https:\/\/www.semanariolocal.cl\/index.php?rest_route=%2Fwp%2Fv2%2Fcomments&post=34599"}],"version-history":[{"count":1,"href":"https:\/\/www.semanariolocal.cl\/index.php?rest_route=\/wp\/v2\/posts\/34599\/revisions"}],"predecessor-version":[{"id":34601,"href":"https:\/\/www.semanariolocal.cl\/index.php?rest_route=\/wp\/v2\/posts\/34599\/revisions\/34601"}],"wp:featuredmedia":[{"embeddable":true,"href":"https:\/\/www.semanariolocal.cl\/index.php?rest_route=\/wp\/v2\/media\/34600"}],"wp:attachment":[{"href":"https:\/\/www.semanariolocal.cl\/index.php?rest_route=%2Fwp%2Fv2%2Fmedia&parent=34599"}],"wp:term":[{"taxonomy":"category","embeddable":true,"href":"https:\/\/www.semanariolocal.cl\/index.php?rest_route=%2Fwp%2Fv2%2Fcategories&post=34599"},{"taxonomy":"post_tag","embeddable":true,"href":"https:\/\/www.semanariolocal.cl\/index.php?rest_route=%2Fwp%2Fv2%2Ftags&post=34599"}],"curies":[{"name":"wp","href":"https:\/\/api.w.org\/{rel}","templated":true}]}}