{"id":34595,"date":"2026-04-28T10:58:49","date_gmt":"2026-04-28T14:58:49","guid":{"rendered":"https:\/\/www.semanariolocal.cl\/?p=34595"},"modified":"2026-04-28T10:58:50","modified_gmt":"2026-04-28T14:58:50","slug":"sag-los-lagos-destaca-avances-historicos-para-erradicar-la-brucelosis-bovina","status":"publish","type":"post","link":"https:\/\/www.semanariolocal.cl\/?p=34595","title":{"rendered":"SAG Los Lagos destaca avances hist\u00f3ricos para erradicar la Brucelosis bovina"},"content":{"rendered":"\n<p><strong><mark style=\"background-color:#abb8c3\" class=\"has-inline-color has-white-color\">28 de Abril del 2026.-<\/mark><\/strong> En el marco del D\u00eda Mundial de la Brucelosis Bovina, que se conmemora el 28 de abril, el Servicio Agr\u00edcola y Ganadero, SAG Los Lagos, reforz\u00f3 el llamado a mantener la vigilancia epidemiol\u00f3gica y las acciones de saneamiento predial frente a esta enfermedad infectocontagiosa, causada por\u00a0<em>Brucella abortus<\/em>, que afecta al ganado bovino y es transmisible al ser humano.<\/p>\n\n\n\n<p>La brucelosis bovina provoca principalmente abortos en los animales, generando importantes p\u00e9rdidas productivas, y puede transmitirse a las personas a trav\u00e9s del contacto directo con animales infectados o a trav\u00e9s del consumo de productos l\u00e1cteos no pausterizados, lo que refuerza la importancia de su control y erradicaci\u00f3n.<\/p>\n\n\n\n<p>En Chile, el SAG lidera el Programa Nacional de Erradicaci\u00f3n de la Brucelosis Bovina, iniciativa que ha permitido avanzar sostenidamente en el control de esta enfermedad.<\/p>\n\n\n<div class=\"wp-block-image\">\n<figure class=\"alignleft size-large is-resized\"><img loading=\"lazy\" decoding=\"async\" width=\"601\" height=\"600\" src=\"https:\/\/www.semanariolocal.cl\/wp-content\/uploads\/2026\/04\/brucelosis-601x600.jpg\" alt=\"\" class=\"wp-image-34597\" style=\"width:499px;height:auto\" srcset=\"https:\/\/www.semanariolocal.cl\/wp-content\/uploads\/2026\/04\/brucelosis-601x600.jpg 601w, https:\/\/www.semanariolocal.cl\/wp-content\/uploads\/2026\/04\/brucelosis-300x300.jpg 300w, https:\/\/www.semanariolocal.cl\/wp-content\/uploads\/2026\/04\/brucelosis-150x150.jpg 150w, https:\/\/www.semanariolocal.cl\/wp-content\/uploads\/2026\/04\/brucelosis-768x767.jpg 768w, https:\/\/www.semanariolocal.cl\/wp-content\/uploads\/2026\/04\/brucelosis.jpg 1081w\" sizes=\"auto, (max-width: 601px) 100vw, 601px\" \/><\/figure>\n<\/div>\n\n\n<p>Seg\u00fan explica Edgardo Bustamante, m\u00e9dico veterinario, encargado regional de protecci\u00f3n pecuaria del SAG Los Lagos, la regi\u00f3n ha experimentado un progreso significativo en el control de la brucelosis bovina en las \u00faltimas d\u00e9cadas. \u201cHace 34 a\u00f1os, cerca de 27 de cada 100 predios estaban infectados. Hoy, la regi\u00f3n no registra predios con presencia de la enfermedad, lo que refleja el impacto del trabajo sistem\u00e1tico desarrollado por el SAG en conjunto con el sector productivo\u201d.<\/p>\n\n\n\n<p>\u201cActualmente, la regi\u00f3n se encuentra en una etapa de transici\u00f3n desde una condici\u00f3n end\u00e9mica hacia una presentaci\u00f3n espor\u00e1dica, lo que implica intensificar la vigilancia para detectar eventuales focos residuales y avanzar hacia una condici\u00f3n de silencio epidemiol\u00f3gico, entendida como la ausencia prolongada de casos\u201d, enfatiz\u00f3 Bustamante.<\/p>\n\n\n\n<p><strong>A nivel regional<\/strong><\/p>\n\n\n\n<p>En l\u00ednea con la estrategia nacional, el SAG&nbsp;Los Lagos&nbsp;destaca el compromiso del sector privado &#8211; productores e industria- en la mantenci\u00f3n de una vigilancia permanente que abarca m\u00e1s de 500 mil bovinos&nbsp;al a\u00f1o en la regi\u00f3n,&nbsp;a trav\u00e9s de controles en ferias, mataderos y certificaci\u00f3n de predios libres.<\/p>\n\n\n\n<p>En esa misma l\u00ednea, las&nbsp;comunas de Futaleuf\u00fa, Palena y Chait\u00e9n mantienen la condici\u00f3n de Zona Libre de Brucelosis Bovina desde 2011,&nbsp;por lo cual&nbsp;se ejecutan diversas acciones de vigilancia, entre ellas:<\/p>\n\n\n\n<ul class=\"wp-block-list\">\n<li>Monitoreo anual de aproximadamente el 20% de los reba\u00f1os susceptibles.<\/li>\n\n\n\n<li>Control de ingresos de bovinos por v\u00eda mar\u00edtima desde el continente.<\/li>\n\n\n\n<li>Fiscalizaci\u00f3n del transporte animal mediante el programa de trazabilidad sanitaria.<\/li>\n\n\n\n<li>Control en pasos fronterizos, predios lim\u00edtrofes y zonas de pastoreo cordillerano.<\/li>\n<\/ul>\n\n\n\n<p>En la provincia de Chilo\u00e9, no se registran casos desde 2019, proyect\u00e1ndose su declaraci\u00f3n como zona libre en el corto plazo. Para ello, se est\u00e1 ejecutando un plan de vigilancia intensiva entre 2024 y 2027, que contempla el diagn\u00f3stico de cerca de 3.600 reba\u00f1os. A la fecha, se han monitoreado 1.561 reba\u00f1os y muestreado m\u00e1s de 7.000 animales, principalmente de la peque\u00f1a agricultura.<\/p>\n\n\n\n<p>Para las provincias de Osorno y Llanquihue, consideradas zona end\u00e9mica, se logr\u00f3 recientemente levantar la totalidad de las cuarentenas de predios infectados.<\/p>\n\n\n\n<p><strong>Proyecto FNDR<\/strong><\/p>\n\n\n\n<p>Para consolidar estos avances, el SAG cuenta con un programa aprobado \u2014a la espera de financiamiento del Gobierno Regional\u2014 denominado \u201cMejora del actual estatus sanitario de Brucelosis bovina en la Regi\u00f3n de Los Lagos\u201d, que permitir\u00e1 fortalecer la b\u00fasqueda activa del agente infeccioso mediante una mayor cobertura de muestreos.<\/p>\n\n\n\n<p>En el d\u00eda mundial de la brucelosis bovina el SAG reitera el llamado a los productores a mantener las medidas de prevenci\u00f3n, notificar oportunamente cualquier sospecha y colaborar con las acciones de vigilancia, destacando que la erradicaci\u00f3n de la brucelosis es una tarea conjunta que protege tanto la producci\u00f3n ganadera como la salud de las personas.<\/p>\n","protected":false},"excerpt":{"rendered":"<p>En la conmemoraci\u00f3n del D\u00eda Mundial de la brucelosis bovina, el SAG destac\u00f3 los avances sanitarios en la regi\u00f3n que hoy no presenta predios infectados y avanza hacia etapa de silencio epidemiol\u00f3gico. <\/p>\n","protected":false},"author":1,"featured_media":34596,"comment_status":"closed","ping_status":"closed","sticky":false,"template":"","format":"standard","meta":{"footnotes":""},"categories":[4333,20,3,3608,9,3846,3842,2483,4290],"tags":[2118,337,855,856,273,132,247,3276,1828,133],"class_list":["post-34595","post","type-post","status-publish","format-standard","has-post-thumbnail","hentry","category-agricultura-familiar","category-agro","category-al-dia","category-estado","category-gobierno","category-industria-agricola","category-politicas-publicas","category-region","category-salud-animal","tag-semanariolocal","tag-informacion","tag-minagri","tag-minagri-los-lagos","tag-noticias","tag-osorno","tag-region-de-los-lagos","tag-sag-chile","tag-sag-los-lagos","tag-semanario-local"],"_links":{"self":[{"href":"https:\/\/www.semanariolocal.cl\/index.php?rest_route=\/wp\/v2\/posts\/34595","targetHints":{"allow":["GET"]}}],"collection":[{"href":"https:\/\/www.semanariolocal.cl\/index.php?rest_route=\/wp\/v2\/posts"}],"about":[{"href":"https:\/\/www.semanariolocal.cl\/index.php?rest_route=\/wp\/v2\/types\/post"}],"author":[{"embeddable":true,"href":"https:\/\/www.semanariolocal.cl\/index.php?rest_route=\/wp\/v2\/users\/1"}],"replies":[{"embeddable":true,"href":"https:\/\/www.semanariolocal.cl\/index.php?rest_route=%2Fwp%2Fv2%2Fcomments&post=34595"}],"version-history":[{"count":1,"href":"https:\/\/www.semanariolocal.cl\/index.php?rest_route=\/wp\/v2\/posts\/34595\/revisions"}],"predecessor-version":[{"id":34598,"href":"https:\/\/www.semanariolocal.cl\/index.php?rest_route=\/wp\/v2\/posts\/34595\/revisions\/34598"}],"wp:featuredmedia":[{"embeddable":true,"href":"https:\/\/www.semanariolocal.cl\/index.php?rest_route=\/wp\/v2\/media\/34596"}],"wp:attachment":[{"href":"https:\/\/www.semanariolocal.cl\/index.php?rest_route=%2Fwp%2Fv2%2Fmedia&parent=34595"}],"wp:term":[{"taxonomy":"category","embeddable":true,"href":"https:\/\/www.semanariolocal.cl\/index.php?rest_route=%2Fwp%2Fv2%2Fcategories&post=34595"},{"taxonomy":"post_tag","embeddable":true,"href":"https:\/\/www.semanariolocal.cl\/index.php?rest_route=%2Fwp%2Fv2%2Ftags&post=34595"}],"curies":[{"name":"wp","href":"https:\/\/api.w.org\/{rel}","templated":true}]}}