{"id":34592,"date":"2026-04-28T07:30:00","date_gmt":"2026-04-28T11:30:00","guid":{"rendered":"https:\/\/www.semanariolocal.cl\/?p=34592"},"modified":"2026-04-28T10:34:45","modified_gmt":"2026-04-28T14:34:45","slug":"radiografia-a-los-almacenes-de-barrio-en-el-sur-de-chile","status":"publish","type":"post","link":"https:\/\/www.semanariolocal.cl\/?p=34592","title":{"rendered":"Radiograf\u00eda a los almacenes de barrio en el sur de Chile"},"content":{"rendered":"\n<p><strong><mark style=\"background-color:#abb8c3\" class=\"has-inline-color has-white-color\">28 de abril del 2026.-<\/mark><\/strong> En el sur de Chile, los almacenes de barrio cumplen un rol esencial en el abastecimiento diario de miles de personas, especialmente en zonas rurales, aisladas y de dif\u00edcil acceso. De acuerdo a la Direcci\u00f3n de Presupuestos, organismo t\u00e9cnico del Ministerio de Hacienda, en el pa\u00eds existen cerca de 170.000 almacenes y negocios de barrio. En las regiones del sur, La Araucan\u00eda, Los R\u00edos, Los Lagos, Ays\u00e9n del General Carlos Ib\u00e1\u00f1ez del Campo y Magallanes y de la Ant\u00e1rtica Chilena, estos establecimientos son fundamentales para garantizar el acceso a productos b\u00e1sicos en comunidades m\u00e1s dispersas.<\/p>\n\n\n\n<p>En estos locales, los productos m\u00e1s vendidos responden a necesidades diarias: pan, bebidas, l\u00e1cteos, abarrotes y alimentos de consumo r\u00e1pido. A diferencia del norte, en el sur tambi\u00e9n existe una mayor presencia de productos asociados al clima fr\u00edo, como alimentos cal\u00f3ricos, conservas, productos congelados y le\u00f1a en algunos casos. Asimismo, cerca del 80% de los almacenes incorpora frutas y verduras, aunque su disponibilidad depende de factores log\u00edsticos y clim\u00e1ticos que afectan la frecuencia de reposici\u00f3n.<\/p>\n\n\n\n<p>Un elemento diferenciador del sur es su diversidad territorial y productiva. En La Araucan\u00eda y Los R\u00edos, por ejemplo, existe una fuerte presencia de productos agr\u00edcolas locales, como papas, legumbres y productos artesanales. En Los Lagos, la cercan\u00eda con el mar impulsa el consumo de pescados y mariscos, mientras que, en Ays\u00e9n y Magallanes, las condiciones geogr\u00e1ficas y clim\u00e1ticas extremas influyen en una mayor dependencia de productos no perecibles y abastecimiento planificado.<\/p>\n\n\n\n<p>Este segmento contin\u00faa siendo clave para el comercio minorista, actuando como principal fuente de ingresos para la gran mayor\u00eda de sus due\u00f1os, muchos de los cuales operan en contextos donde el acceso a grandes cadenas es limitado, reforzando su rol social y econ\u00f3mico en las comunidades.<\/p>\n\n\n\n<p>En relaci\u00f3n al abastecimiento, la planificaci\u00f3n log\u00edstica es m\u00e1s exigente que en otras zonas del pa\u00eds. Las condiciones clim\u00e1ticas, las grandes distancias y la conectividad limitada en regiones como Ays\u00e9n y Magallanes obligan a desarrollar estrategias de distribuci\u00f3n m\u00e1s robustas, capaces de asegurar continuidad operacional y evitar quiebres de stock.<\/p>\n\n\n\n<p>Alfredo Kameid, gerente general de Grupo Kameid, se\u00f1ala que \u201cel sur de Chile presenta desaf\u00edos log\u00edsticos importantes, especialmente en zonas m\u00e1s australes, donde las condiciones clim\u00e1ticas y geogr\u00e1ficas exigen una planificaci\u00f3n detallada. Nuestro foco est\u00e1 en adaptarnos a estas realidades para asegurar un abastecimiento oportuno y constante para los almacenes de barrio\u201d. Asimismo, agrega que \u201ctrabajamos con una oferta que combina productos nacionales y locales, permitiendo mantener la identidad de cada territorio y responder a las necesidades espec\u00edficas de sus comunidades\u201d.<\/p>\n\n\n\n<p>En t\u00e9rminos de infraestructura, estos almacenes suelen operar en espacios reducidos, muchas veces integrados al hogar de sus due\u00f1os o en locales que no superan los 20 metros cuadrados. La falta de bodegas obliga a trabajar con vol\u00famenes de compra acotados, aumentando la frecuencia de reposici\u00f3n y reforzando la importancia de contar con redes log\u00edsticas eficientes y confiables.<\/p>\n\n\n\n<p>\u201cEstos almacenes no solo cumplen una funci\u00f3n comercial, sino tambi\u00e9n social, siendo puntos de encuentro y abastecimiento clave para comunidades completas. Su sostenibilidad depende de una log\u00edstica adaptada al territorio, una oferta pertinente y una gesti\u00f3n eficiente que permita enfrentar los desaf\u00edos propios de una de las zonas m\u00e1s diversas y exigentes del pa\u00eds\u201d, concluy\u00f3 Kameid.<\/p>\n","protected":false},"excerpt":{"rendered":"<p>Entre La Araucan\u00eda y Magallanes, este segmento representa una parte relevante del comercio minorista, donde destacan productos de consumo cotidiano y de primera necesidad.<\/p>\n","protected":false},"author":1,"featured_media":34593,"comment_status":"closed","ping_status":"closed","sticky":false,"template":"","format":"standard","meta":{"footnotes":""},"categories":[3,12,3847,3849,2406,2483,4356],"tags":[2118,337,273,247,133],"class_list":["post-34592","post","type-post","status-publish","format-standard","has-post-thumbnail","hentry","category-al-dia","category-economia","category-emprendedores","category-empresa-privada","category-empresas","category-region","category-transporte","tag-semanariolocal","tag-informacion","tag-noticias","tag-region-de-los-lagos","tag-semanario-local"],"_links":{"self":[{"href":"https:\/\/www.semanariolocal.cl\/index.php?rest_route=\/wp\/v2\/posts\/34592","targetHints":{"allow":["GET"]}}],"collection":[{"href":"https:\/\/www.semanariolocal.cl\/index.php?rest_route=\/wp\/v2\/posts"}],"about":[{"href":"https:\/\/www.semanariolocal.cl\/index.php?rest_route=\/wp\/v2\/types\/post"}],"author":[{"embeddable":true,"href":"https:\/\/www.semanariolocal.cl\/index.php?rest_route=\/wp\/v2\/users\/1"}],"replies":[{"embeddable":true,"href":"https:\/\/www.semanariolocal.cl\/index.php?rest_route=%2Fwp%2Fv2%2Fcomments&post=34592"}],"version-history":[{"count":1,"href":"https:\/\/www.semanariolocal.cl\/index.php?rest_route=\/wp\/v2\/posts\/34592\/revisions"}],"predecessor-version":[{"id":34594,"href":"https:\/\/www.semanariolocal.cl\/index.php?rest_route=\/wp\/v2\/posts\/34592\/revisions\/34594"}],"wp:featuredmedia":[{"embeddable":true,"href":"https:\/\/www.semanariolocal.cl\/index.php?rest_route=\/wp\/v2\/media\/34593"}],"wp:attachment":[{"href":"https:\/\/www.semanariolocal.cl\/index.php?rest_route=%2Fwp%2Fv2%2Fmedia&parent=34592"}],"wp:term":[{"taxonomy":"category","embeddable":true,"href":"https:\/\/www.semanariolocal.cl\/index.php?rest_route=%2Fwp%2Fv2%2Fcategories&post=34592"},{"taxonomy":"post_tag","embeddable":true,"href":"https:\/\/www.semanariolocal.cl\/index.php?rest_route=%2Fwp%2Fv2%2Ftags&post=34592"}],"curies":[{"name":"wp","href":"https:\/\/api.w.org\/{rel}","templated":true}]}}