{"id":34586,"date":"2026-04-27T09:40:00","date_gmt":"2026-04-27T13:40:00","guid":{"rendered":"https:\/\/www.semanariolocal.cl\/?p=34586"},"modified":"2026-04-27T21:46:17","modified_gmt":"2026-04-28T01:46:17","slug":"conflicto-no-es-violencia-claves-para-abordar-la-convivencia-escolar-mas-alla-del-castigo","status":"publish","type":"post","link":"https:\/\/www.semanariolocal.cl\/?p=34586","title":{"rendered":"Conflicto no es violencia: claves para abordar la convivencia escolar m\u00e1s all\u00e1 del castigo"},"content":{"rendered":"\n<p><strong><mark style=\"background-color:#abb8c3\" class=\"has-inline-color has-white-color\">27 de abril del 2026.- <\/mark><\/strong>La creciente preocupaci\u00f3n por la violencia en establecimientos educacionales ha impulsado propuestas centradas en el control y el castigo. Sin embargo, la evidencia y la investigaci\u00f3n en convivencia escolar sugieren que este enfoque, aunque necesario en casos graves, resulta insuficiente para abordar un fen\u00f3meno complejo y de m\u00faltiples causas.<\/p>\n\n\n\n<p>As\u00ed lo plantea la antrop\u00f3loga social y acad\u00e9mica de la&nbsp;<a href=\"http:\/\/www.uoh.cl\/\" target=\"_blank\" rel=\"noreferrer noopener\">Universidad de O\u2019Higgins<\/a>&nbsp;(UOH),&nbsp;<a href=\"https:\/\/www.uoh.cl\/investigacion\/academico\/manuela-mendoza-horvitz\/\" target=\"_blank\" rel=\"noreferrer noopener\">Manuela Mendoza<\/a>, quien enfatiza la necesidad de distinguir entre conflicto y violencia, dos conceptos que suelen confundirse en el debate p\u00fablico.<\/p>\n\n\n\n<p>Mientras la violencia implica da\u00f1o f\u00edsico o psicol\u00f3gico y requiere sanciones proporcionales a su gravedad, el conflicto \u2014explica\u2014 es una condici\u00f3n inherente a la vida social.<\/p>\n\n\n\n<p>\u201cSiempre que existan dos o m\u00e1s personas, habr\u00e1 diferencias o incluso oposici\u00f3n de intereses, opiniones o visiones. Eso es el conflicto, y no es negativo en s\u00ed mismo\u201d, sostiene. El desaf\u00edo, entonces, no es eliminarlo, sino gestionarlo de manera constructiva para evitar que escale hacia situaciones violentas.<\/p>\n\n\n\n<p>En esa l\u00ednea, la acad\u00e9mica advierte que las pol\u00edticas basadas exclusivamente en la l\u00f3gica punitiva \u2014como la instalaci\u00f3n de detectores de metales o el aumento de sanciones\u2014 no han demostrado ser eficaces en la disminuci\u00f3n de la violencia escolar. Por el contrario, pueden generar ambientes de desconfianza que afectan las relaciones entre estudiantes y docentes, debilitando el rol formativo de la escuela.<\/p>\n\n\n\n<p>\u201cLa evidencia internacional muestra que las medidas de tolerancia cero no logran los efectos deseados. Si solo reaccionamos con castigos, no abordamos las causas profundas del problema\u201d, se\u00f1ala.<\/p>\n\n\n\n<p>Frente a este escenario, Mendoza propone avanzar hacia estrategias preventivas que prioricen la formaci\u00f3n en convivencia democr\u00e1tica. Esto implica generar espacios donde el estudiantado pueda expresar sus diferencias, dialogar y participar activamente en la vida escolar.<\/p>\n\n\n\n<p>El enfoque formativo, explica, se basa en principios de inclusi\u00f3n, equidad y participaci\u00f3n, y busca fortalecer relaciones de respeto mutuo y buen trato. En este contexto, la escuela no debe aspirar a eliminar los conflictos, sino a transformarlos en oportunidades de aprendizaje.<\/p>\n\n\n\n<p>No obstante, la implementaci\u00f3n de este tipo de estrategias enfrenta importantes desaf\u00edos. Entre ellos, la falta de tiempo, recursos y capacitaci\u00f3n para que los equipos educativos puedan planificar y sostener acciones preventivas. Esto, en la pr\u00e1ctica, empuja a muchos establecimientos a privilegiar respuestas reactivas frente a situaciones urgentes.<\/p>\n\n\n\n<p>Para la acad\u00e9mica, es fundamental que las pol\u00edticas p\u00fablicas no solo establezcan la importancia de la convivencia escolar, sino que tambi\u00e9n aseguren las condiciones necesarias para su desarrollo. \u201cNo basta con exigir enfoques formativos si no se entregan herramientas concretas para implementarlos\u201d, advierte.<\/p>\n\n\n\n<p>Finalmente, Mendoza plantea una reflexi\u00f3n de fondo: el tipo de escuela que se quiere construir. \u201cDebemos preguntarnos si queremos espacios educativos basados en la vigilancia y la desconfianza, o comunidades de aprendizaje donde prime el respeto y la confianza\u201d, afirma.&nbsp;<\/p>\n","protected":false},"excerpt":{"rendered":"<p>Acad\u00e9mica advierte que centrarse solo en sanciones no resuelve la violencia en escuelas y plantea la urgencia de fortalecer enfoques formativos que promuevan el di\u00e1logo, la confianza y la convivencia democr\u00e1tica.<\/p>\n","protected":false},"author":1,"featured_media":34587,"comment_status":"closed","ping_status":"closed","sticky":false,"template":"","format":"standard","meta":{"footnotes":""},"categories":[3,11,4161,3842,4395],"tags":[2118,337,273,247,133],"class_list":["post-34586","post","type-post","status-publish","format-standard","has-post-thumbnail","hentry","category-al-dia","category-educacion","category-familia","category-politicas-publicas","category-sociedad","tag-semanariolocal","tag-informacion","tag-noticias","tag-region-de-los-lagos","tag-semanario-local"],"_links":{"self":[{"href":"https:\/\/www.semanariolocal.cl\/index.php?rest_route=\/wp\/v2\/posts\/34586","targetHints":{"allow":["GET"]}}],"collection":[{"href":"https:\/\/www.semanariolocal.cl\/index.php?rest_route=\/wp\/v2\/posts"}],"about":[{"href":"https:\/\/www.semanariolocal.cl\/index.php?rest_route=\/wp\/v2\/types\/post"}],"author":[{"embeddable":true,"href":"https:\/\/www.semanariolocal.cl\/index.php?rest_route=\/wp\/v2\/users\/1"}],"replies":[{"embeddable":true,"href":"https:\/\/www.semanariolocal.cl\/index.php?rest_route=%2Fwp%2Fv2%2Fcomments&post=34586"}],"version-history":[{"count":1,"href":"https:\/\/www.semanariolocal.cl\/index.php?rest_route=\/wp\/v2\/posts\/34586\/revisions"}],"predecessor-version":[{"id":34588,"href":"https:\/\/www.semanariolocal.cl\/index.php?rest_route=\/wp\/v2\/posts\/34586\/revisions\/34588"}],"wp:featuredmedia":[{"embeddable":true,"href":"https:\/\/www.semanariolocal.cl\/index.php?rest_route=\/wp\/v2\/media\/34587"}],"wp:attachment":[{"href":"https:\/\/www.semanariolocal.cl\/index.php?rest_route=%2Fwp%2Fv2%2Fmedia&parent=34586"}],"wp:term":[{"taxonomy":"category","embeddable":true,"href":"https:\/\/www.semanariolocal.cl\/index.php?rest_route=%2Fwp%2Fv2%2Fcategories&post=34586"},{"taxonomy":"post_tag","embeddable":true,"href":"https:\/\/www.semanariolocal.cl\/index.php?rest_route=%2Fwp%2Fv2%2Ftags&post=34586"}],"curies":[{"name":"wp","href":"https:\/\/api.w.org\/{rel}","templated":true}]}}