{"id":34583,"date":"2026-04-27T09:28:00","date_gmt":"2026-04-27T13:28:00","guid":{"rendered":"https:\/\/www.semanariolocal.cl\/?p=34583"},"modified":"2026-04-27T21:34:40","modified_gmt":"2026-04-28T01:34:40","slug":"sharenting-y-el-nuevo-desafio-de-la-crianza-digital","status":"publish","type":"post","link":"https:\/\/www.semanariolocal.cl\/?p=34583","title":{"rendered":"Sharenting y el nuevo desaf\u00edo de la crianza digital"},"content":{"rendered":"\n<p><strong><mark style=\"background-color:#abb8c3\" class=\"has-inline-color has-white-color\">27 de Abril del 2026.- <\/mark><\/strong>En ese contexto, no es extra\u00f1o ver c\u00f3mo madres, padres, familiares e incluso instituciones comparten im\u00e1genes de ni\u00f1os y ni\u00f1as sin mayor reflexi\u00f3n. Muchas veces se hace desde el orgullo, el cari\u00f1o o la alegr\u00eda. Sin embargo, pocas veces nos detenemos a pensar en los riesgos que ese gesto aparentemente inocente puede implicar. A esta pr\u00e1ctica se le conoce como <em>sharenting<\/em>.<\/p>\n\n\n\n<p>El t\u00e9rmino <em>sharenting<\/em> surge de la uni\u00f3n de las palabras inglesas <em>share<\/em> (compartir) y <em>parenting<\/em> (crianza), y se refiere a la publicaci\u00f3n frecuente de informaci\u00f3n, im\u00e1genes o videos de ni\u00f1os, ni\u00f1as y adolescentes en plataformas digitales. Aunque, por lo pronto, no se trata de una conducta re\u00f1ida con la ley, s\u00ed plantea interrogantes importantes sobre la privacidad, la protecci\u00f3n y el bienestar de la infancia en entornos digitales.<\/p>\n\n\n\n<p>Uno de los principales problemas del <em>sharenting<\/em> es que crea una huella digital temprana, construida por adultos, sin el consentimiento de quienes aparecen en ella. Fotograf\u00edas de cumplea\u00f1os, rutinas escolares, problemas de salud o situaciones \u00edntimas pasan a formar parte de internet, un espacio donde el control es limitado y la permanencia, casi absoluta. Lo que hoy parece una imagen tierna, ma\u00f1ana puede ser motivo de incomodidad, exposici\u00f3n o incluso burla para ese ni\u00f1o o ni\u00f1a cuando crezca.<\/p>\n\n\n\n<p>Muchas personas no comparten im\u00e1genes de ni\u00f1os y ni\u00f1as sabiendo los riesgos que esto conlleva. No siempre se considera que una fotograf\u00eda puede ser descargada, reutilizada fuera de contexto o llegar a manos equivocadas. Tampoco se suele pensar en que publicar informaci\u00f3n asociada como el nombre, la escuela, el uniforme o la ubicaci\u00f3n puede aumentar la vulnerabilidad frente a distintos tipos de riesgos digitales.<\/p>\n\n\n\n<p>Cuidar en el mundo digital implica ampliar nuestra noci\u00f3n tradicional de protecci\u00f3n. As\u00ed como no dejar\u00edamos a un ni\u00f1o solo en un espacio desconocido, tampoco deber\u00edamos exponerlo sin resguardos en entornos virtuales. Esto no significa desaparecer de las redes ni dejar de compartir por completo, sino hacerlo con criterios de responsabilidad. Preguntarnos antes de publicar: \u00bfes necesario?, \u00bfexpone informaci\u00f3n personal?, \u00bfpodr\u00eda incomodarlo en el futuro?, \u00bfestoy respetando su derecho a la privacidad?<\/p>\n\n\n\n<p>La prevenci\u00f3n tambi\u00e9n pasa por la educaci\u00f3n digital. Hablar de <em>sharenting<\/em> es una oportunidad para abrir conversaciones m\u00e1s amplias sobre ciudadan\u00eda digital. A medida que ni\u00f1os y ni\u00f1as crecen, es fundamental incluirlos en estas decisiones, escuchar su opini\u00f3n y ense\u00f1arles que su imagen y su historia les pertenecen.<\/p>\n\n\n\n<p>En un mundo hiperconectado, el cuidado no se opone al afecto ni al orgullo; por el contrario, se expresa en la capacidad de poner l\u00edmites, de proteger y de pensar a largo plazo. Compartir menos, o compartir mejor, tambi\u00e9n es una forma de querer. El desaf\u00edo est\u00e1 en construir una cultura digital donde el bienestar de la infancia est\u00e9 siempre al centro, incluso y especialmente cuando nadie nos obliga a hacerlo.<\/p>\n","protected":false},"excerpt":{"rendered":"<p>En la era de las redes sociales, compartir se ha vuelto casi un reflejo autom\u00e1tico. Fotograf\u00edas, videos y momentos cotidianos circulan a gran velocidad, construyendo relatos p\u00fablicos de nuestras vidas. <\/p>\n","protected":false},"author":1,"featured_media":34584,"comment_status":"closed","ping_status":"closed","sticky":false,"template":"","format":"standard","meta":{"footnotes":""},"categories":[11,4401,2514],"tags":[2118,337,273,247,133],"class_list":["post-34583","post","type-post","status-publish","format-standard","has-post-thumbnail","hentry","category-educacion","category-primera-infancia","category-tecnologia","tag-semanariolocal","tag-informacion","tag-noticias","tag-region-de-los-lagos","tag-semanario-local"],"_links":{"self":[{"href":"https:\/\/www.semanariolocal.cl\/index.php?rest_route=\/wp\/v2\/posts\/34583","targetHints":{"allow":["GET"]}}],"collection":[{"href":"https:\/\/www.semanariolocal.cl\/index.php?rest_route=\/wp\/v2\/posts"}],"about":[{"href":"https:\/\/www.semanariolocal.cl\/index.php?rest_route=\/wp\/v2\/types\/post"}],"author":[{"embeddable":true,"href":"https:\/\/www.semanariolocal.cl\/index.php?rest_route=\/wp\/v2\/users\/1"}],"replies":[{"embeddable":true,"href":"https:\/\/www.semanariolocal.cl\/index.php?rest_route=%2Fwp%2Fv2%2Fcomments&post=34583"}],"version-history":[{"count":1,"href":"https:\/\/www.semanariolocal.cl\/index.php?rest_route=\/wp\/v2\/posts\/34583\/revisions"}],"predecessor-version":[{"id":34585,"href":"https:\/\/www.semanariolocal.cl\/index.php?rest_route=\/wp\/v2\/posts\/34583\/revisions\/34585"}],"wp:featuredmedia":[{"embeddable":true,"href":"https:\/\/www.semanariolocal.cl\/index.php?rest_route=\/wp\/v2\/media\/34584"}],"wp:attachment":[{"href":"https:\/\/www.semanariolocal.cl\/index.php?rest_route=%2Fwp%2Fv2%2Fmedia&parent=34583"}],"wp:term":[{"taxonomy":"category","embeddable":true,"href":"https:\/\/www.semanariolocal.cl\/index.php?rest_route=%2Fwp%2Fv2%2Fcategories&post=34583"},{"taxonomy":"post_tag","embeddable":true,"href":"https:\/\/www.semanariolocal.cl\/index.php?rest_route=%2Fwp%2Fv2%2Ftags&post=34583"}],"curies":[{"name":"wp","href":"https:\/\/api.w.org\/{rel}","templated":true}]}}