{"id":34580,"date":"2026-04-27T09:10:00","date_gmt":"2026-04-27T13:10:00","guid":{"rendered":"https:\/\/www.semanariolocal.cl\/?p=34580"},"modified":"2026-04-27T21:26:22","modified_gmt":"2026-04-28T01:26:22","slug":"cuando-la-ciencia-se-vuelve-literatura-cita-para-un-epilogo","status":"publish","type":"post","link":"https:\/\/www.semanariolocal.cl\/?p=34580","title":{"rendered":"Cuando la ciencia se vuelve literatura:\u00a0Cita para un ep\u00edlogo"},"content":{"rendered":"\n<p><mark style=\"background-color:#abb8c3\" class=\"has-inline-color has-white-color\"><strong>27 de Abril del 2026.-<\/strong> <\/mark>\u00bfPuede una vida dedicada a la ciencia dar origen a una obra literaria conmovedora? En\u00a0<em><strong>Cita para un ep\u00edlogo<\/strong><\/em>, Heriberto Fern\u00e1ndez Jaramillo demuestra que s\u00ed. Este libro re\u00fane ocho cuentos que exploran la condici\u00f3n humana desde una mirada \u00fanica: la de quien ha pasado a\u00f1os observando la vida en el laboratorio y ahora la observa en las personas.<\/p>\n\n\n\n<p>Ambientadas principalmente en el sur de Chile, en paisajes como Purranque y Valdivia, estas historias abordan temas universales como la identidad, la memoria, el envejecimiento, la amistad y las segundas oportunidades. Con un lenguaje cercano y fluido, el autor construye relatos protagonizados por personajes cotidianos, cuyas experiencias resuenan con cualquier lector.<\/p>\n\n\n\n<p>El libro surge desde un momento de quiebre personal: el abrupto t\u00e9rmino de una extensa carrera acad\u00e9mica. Lejos de significar un cierre, ese \u201cep\u00edlogo\u201d se convierte en el punto de partida de una nueva etapa creativa. As\u00ed, cada cuento es tambi\u00e9n un ejercicio de reconstrucci\u00f3n, donde la escritura aparece como una forma de sentido, resistencia y libertad.<\/p>\n\n\n\n<p>Con una prosa que equilibra sensibilidad literaria y rigurosidad anal\u00edtica, Fern\u00e1ndez Jaramillo invita a reflexionar sobre lo que permanece cuando todo cambia.&nbsp;<em><strong>Cita para un ep\u00edlogo<\/strong><\/em>&nbsp;no es solo un libro de cuentos: es una declaraci\u00f3n de vida, una invitaci\u00f3n a mirar hacia atr\u00e1s para entender qui\u00e9nes somos y, sobre todo, para mirar hacia adelante y descubrir lo que a\u00fan podemos construir.<\/p>\n\n\n\n<p><strong>Sobre el autor:<\/strong><\/p>\n\n\n\n<p>Heriberto Fern\u00e1ndez Jaramillo es doctor en microbiolog\u00eda, acad\u00e9mico e investigador con destacada trayectoria internacional. Cuenta con m\u00e1s de 200 publicaciones cient\u00edficas y ha sido consultor de la Organizaci\u00f3n Mundial de la Salud. Paralelamente, cultiv\u00f3 desde joven la vocaci\u00f3n literaria, primero en la poes\u00eda y hoy en la narrativa. Actualmente es cofundador de la Corporaci\u00f3n Cultural Letras Laicas.<\/p>\n\n\n\n<p><em><strong>Cita para un ep\u00edlogo<\/strong><\/em>&nbsp;re\u00fane los cuentos que comenz\u00f3 a escribir en 2018, consolidando una voz que integra ciencia, humanismo y experiencia vital. El libro ya est\u00e1 disponible en las principales librer\u00edas y plataformas digitales.<\/p>\n","protected":false},"excerpt":{"rendered":"<p>Editorial Forja presenta Cita para un ep\u00edlogo, el debut literario de un reconocido cient\u00edfico valdiviano que, tras d\u00e9cadas en la academia, transforma su experiencia en relatos \u00edntimos, humanos y profundamente reflexivos sobre el paso del tiempo, la memoria y la dignidad.<\/p>\n","protected":false},"author":1,"featured_media":34581,"comment_status":"closed","ping_status":"closed","sticky":false,"template":"","format":"standard","meta":{"footnotes":""},"categories":[2691,10,2431,2496],"tags":[2118,157,337,273,247,133],"class_list":["post-34580","post","type-post","status-publish","format-standard","has-post-thumbnail","hentry","category-arte","category-cultura","category-literatura","category-nacional","tag-semanariolocal","tag-editorial-forjas","tag-informacion","tag-noticias","tag-region-de-los-lagos","tag-semanario-local"],"_links":{"self":[{"href":"https:\/\/www.semanariolocal.cl\/index.php?rest_route=\/wp\/v2\/posts\/34580","targetHints":{"allow":["GET"]}}],"collection":[{"href":"https:\/\/www.semanariolocal.cl\/index.php?rest_route=\/wp\/v2\/posts"}],"about":[{"href":"https:\/\/www.semanariolocal.cl\/index.php?rest_route=\/wp\/v2\/types\/post"}],"author":[{"embeddable":true,"href":"https:\/\/www.semanariolocal.cl\/index.php?rest_route=\/wp\/v2\/users\/1"}],"replies":[{"embeddable":true,"href":"https:\/\/www.semanariolocal.cl\/index.php?rest_route=%2Fwp%2Fv2%2Fcomments&post=34580"}],"version-history":[{"count":1,"href":"https:\/\/www.semanariolocal.cl\/index.php?rest_route=\/wp\/v2\/posts\/34580\/revisions"}],"predecessor-version":[{"id":34582,"href":"https:\/\/www.semanariolocal.cl\/index.php?rest_route=\/wp\/v2\/posts\/34580\/revisions\/34582"}],"wp:featuredmedia":[{"embeddable":true,"href":"https:\/\/www.semanariolocal.cl\/index.php?rest_route=\/wp\/v2\/media\/34581"}],"wp:attachment":[{"href":"https:\/\/www.semanariolocal.cl\/index.php?rest_route=%2Fwp%2Fv2%2Fmedia&parent=34580"}],"wp:term":[{"taxonomy":"category","embeddable":true,"href":"https:\/\/www.semanariolocal.cl\/index.php?rest_route=%2Fwp%2Fv2%2Fcategories&post=34580"},{"taxonomy":"post_tag","embeddable":true,"href":"https:\/\/www.semanariolocal.cl\/index.php?rest_route=%2Fwp%2Fv2%2Ftags&post=34580"}],"curies":[{"name":"wp","href":"https:\/\/api.w.org\/{rel}","templated":true}]}}