{"id":34574,"date":"2026-04-27T09:00:00","date_gmt":"2026-04-27T13:00:00","guid":{"rendered":"https:\/\/www.semanariolocal.cl\/?p=34574"},"modified":"2026-04-27T20:44:51","modified_gmt":"2026-04-28T00:44:51","slug":"90-de-endeudados-reporta-deterioro-emocional-por-alza-del-costo-de-la-vida","status":"publish","type":"post","link":"https:\/\/www.semanariolocal.cl\/?p=34574","title":{"rendered":"90% de endeudados reporta deterioro emocional por alza del costo de la vida"},"content":{"rendered":"\n<p><strong><mark style=\"background-color:#abb8c3\" class=\"has-inline-color has-white-color\">27 de abril del 2026.-<\/mark><\/strong> El aumento del costo de la vida en lo que va del a\u00f1o no solo ha tensionado los presupuestos familiares, sino que tambi\u00e9n est\u00e1 teniendo un impacto directo en el bienestar emocional de los chilenos. As\u00ed lo muestra un sondeo realizado por DefensaDeudores.cl a 1.257 personas, en el que un 91,72% dice que su bienestar emocional ha empeorado.\u00a0<\/p>\n\n\n\n<p>Adem\u00e1s, en el d\u00eda a d\u00eda, el 59,75% declara sentir ansiedad o estr\u00e9s con mayor frecuencia debido a su situaci\u00f3n econ\u00f3mica, seguido por un 18,54% que menciona experimentar tristeza o des\u00e1nimo y un 14,50% que reporta rabia o frustraci\u00f3n. Apenas un 3,96% asegura no haber experimentado ninguna de estas emociones.<\/p>\n\n\n\n<p>\u201cCuando el costo de la vida sube de manera sostenida, el impacto no es solo financiero, sino que tambi\u00e9n emocional. Las personas viven en un estado de alerta permanente, tratando de ajustar un presupuesto que ya no alcanza y eso termina generando ansiedad, frustraci\u00f3n y desgaste psicol\u00f3gico\u201d, explica Ricardo Ib\u00e1\u00f1ez, abogado y fundador de DefensaDeudores.cl.<\/p>\n\n\n\n<p>El efecto tambi\u00e9n se ha sentido al interior de los hogares, puesto que un 31,64% de los encuestados afirma que los conflictos por temas econ\u00f3micos \u201chan aumentado mucho\u201d este a\u00f1o, mientras que un 47,74% se\u00f1ala que \u201chan aumentado algo\u201d. En s\u00edntesis, casi 8 de cada 10 hogares reconocen un alza en las tensiones familiares vinculadas al dinero.<\/p>\n\n\n\n<p>Para enfrentar el alza en el costo de la vida, las personas han debido hacer algunos ajustes en sus gastos, partiendo porque el 51,86% declara haber dejado de comprar alimentos que considera saludables, seguido de un 46% que ha debido postergar visitas m\u00e9dicas y un 38,08% que ha dejado de atender su salud mental. Adem\u00e1s, un 42,12% reconoce haber reducido encuentros con familiares o amigos por razones econ\u00f3micas.<\/p>\n","protected":false},"excerpt":{"rendered":"<p>Adem\u00e1s, casi 8 de cada 10 hogares reconocen un alza en las tensiones familiares vinculadas al dinero y m\u00e1s de la mitad de los encuestados se\u00f1ala que ha dejado de comprar alimentos saludables para ahorrar.<\/p>\n","protected":false},"author":1,"featured_media":34575,"comment_status":"closed","ping_status":"closed","sticky":false,"template":"","format":"standard","meta":{"footnotes":""},"categories":[3,12,4284,4161,4395,4570],"tags":[2118,337,273,247,133],"class_list":["post-34574","post","type-post","status-publish","format-standard","has-post-thumbnail","hentry","category-al-dia","category-economia","category-economia-familiar","category-familia","category-sociedad","category-trabajo-y-empleo","tag-semanariolocal","tag-informacion","tag-noticias","tag-region-de-los-lagos","tag-semanario-local"],"_links":{"self":[{"href":"https:\/\/www.semanariolocal.cl\/index.php?rest_route=\/wp\/v2\/posts\/34574","targetHints":{"allow":["GET"]}}],"collection":[{"href":"https:\/\/www.semanariolocal.cl\/index.php?rest_route=\/wp\/v2\/posts"}],"about":[{"href":"https:\/\/www.semanariolocal.cl\/index.php?rest_route=\/wp\/v2\/types\/post"}],"author":[{"embeddable":true,"href":"https:\/\/www.semanariolocal.cl\/index.php?rest_route=\/wp\/v2\/users\/1"}],"replies":[{"embeddable":true,"href":"https:\/\/www.semanariolocal.cl\/index.php?rest_route=%2Fwp%2Fv2%2Fcomments&post=34574"}],"version-history":[{"count":1,"href":"https:\/\/www.semanariolocal.cl\/index.php?rest_route=\/wp\/v2\/posts\/34574\/revisions"}],"predecessor-version":[{"id":34576,"href":"https:\/\/www.semanariolocal.cl\/index.php?rest_route=\/wp\/v2\/posts\/34574\/revisions\/34576"}],"wp:featuredmedia":[{"embeddable":true,"href":"https:\/\/www.semanariolocal.cl\/index.php?rest_route=\/wp\/v2\/media\/34575"}],"wp:attachment":[{"href":"https:\/\/www.semanariolocal.cl\/index.php?rest_route=%2Fwp%2Fv2%2Fmedia&parent=34574"}],"wp:term":[{"taxonomy":"category","embeddable":true,"href":"https:\/\/www.semanariolocal.cl\/index.php?rest_route=%2Fwp%2Fv2%2Fcategories&post=34574"},{"taxonomy":"post_tag","embeddable":true,"href":"https:\/\/www.semanariolocal.cl\/index.php?rest_route=%2Fwp%2Fv2%2Ftags&post=34574"}],"curies":[{"name":"wp","href":"https:\/\/api.w.org\/{rel}","templated":true}]}}