{"id":34568,"date":"2026-04-27T08:32:00","date_gmt":"2026-04-27T12:32:00","guid":{"rendered":"https:\/\/www.semanariolocal.cl\/?p=34568"},"modified":"2026-04-27T19:50:51","modified_gmt":"2026-04-27T23:50:51","slug":"ministro-ivan-poduje-visita-obras-del-proyecto-habitacional-paillao-de-valdivia","status":"publish","type":"post","link":"https:\/\/www.semanariolocal.cl\/?p=34568","title":{"rendered":"Ministro Ivan Poduje visita obras del proyecto habitacional \u201cPaillao\u201d de Valdivia\u00a0"},"content":{"rendered":"\n<p><strong><mark style=\"background-color:#abb8c3\" class=\"has-inline-color has-white-color\">27 de Abril del 2026.-<\/mark><\/strong> El ministro de Vivienda y Urbanismo, Ivan Poduje, junto a la delegada presidencial regional de Los R\u00edos, Vicky Carrasco, adem\u00e1s de otras autoridades regionales y locales, encabez\u00f3 una visita a las obras del proyecto habitacional \u201cPaillao\u201d, desarrollado gracias al programa Fondo Solidario de Elecci\u00f3n de Vivienda (DS 49) del Minvu y parte tambi\u00e9n del Programa de Regeneraci\u00f3n de Conjuntos Habitacionales del ministerio, que beneficiar\u00e1 a 149 familias de la comuna de Valdivia.<\/p>\n\n\n\n<p>Durante el recorrido, en el que participaron tambi\u00e9n el seremi de Vivienda y Urbanismo, Cristi\u00e1n Arriegada y el director (s) de&nbsp; Serviu Los R\u00edos, Mauricio Carrasco, el ministro Poduje sostuvo un di\u00e1logo directo con las familias beneficiarias, encabezados por su presidente, Camilo Nichi, comprometiendo gestiones para resolver los temas pendientes que permitan avanzar hacia la pronta entrega de las viviendas, especialmente aquellos vinculados a servicios sanitarios.<\/p>\n\n\n\n<p>En la oportunidad, el titular del Minvu expres\u00f3 que \u201ceste proyecto tiene un enorme valor social, porque aqu\u00ed hay familias que vienen esperando desde hace a\u00f1os y nuestro deber como ministerio es destrabar los problemas pendientes y acelerar los procesos para que puedan recibir sus viviendas lo antes posible. Hemos hecho acuerdos concretos con Serviu y la constructora para cumplir con ese objetivo\u201d.<\/p>\n\n\n\n<p>Asimismo, respecto de los problemas que presenta el proyecto relacionados a la empresa sanitaria, el ministro Ivan Poduje indic\u00f3 que \u201caqu\u00ed tenemos un problema serio con la empresa sanitaria Aguas D\u00e9cima. Les hemos pedido que vengan a recepcionar las obras y autorizar los empalmes, porque sin eso las casas no se pueden habitar, y no han venido. Vamos a seguir trabajando, junto a los parlamentarios, para exigir mayor empat\u00eda y agilidad de parte de las sanitarias, porque no puede ser que la burocracia siga castigando a las familias\u201d.<\/p>\n\n\n\n<p>El proyecto Paillao se emplaza en un terreno Serviu de 19.000 metros cuadrados e incluye 89 viviendas y tres edificios de cinco pisos, con un total de 60 departamentos, adem\u00e1s de vialidades interiores, \u00e1reas verdes y una planta elevadora de aguas servidas (PEAS) que dar\u00e1 servicio tanto al conjunto como a futuros proyectos habitacionales del ministerio en el sector.<\/p>\n\n\n\n<p><strong><u>99\u00b0Aniversario de Carabineros de Chile<\/u><\/strong><\/p>\n\n\n\n<p>Previo a la visita a Valdivia, y en el contexto del 99\u00b0 aniversario de Carabineros de Chile, el ministro de Vivienda y Urbanismo comenz\u00f3 su agenda regional con un saludo protocolar en la Tercera Comisar\u00eda de La Uni\u00f3n, oportunidad en la que destac\u00f3 el trabajo que realiza la instituci\u00f3n policial al servicio de la comunidad y su aporte al desarrollo territorial y la seguridad de los barrios.<\/p>\n\n\n\n<p>Posteriormente, se reuni\u00f3 con dirigentes del comit\u00e9 \u201cGuacamayo III\u201d de La Uni\u00f3n, para trasladarse luego a Valdivia para visitar el proyecto Paillao.&nbsp;<\/p>\n","protected":false},"excerpt":{"rendered":"<p>El futuro condominio, que beneficiar\u00e1 a 149 familias de la capital de la Regi\u00f3n de Los R\u00edos, presenta un 95% de avance en su ejecuci\u00f3n, con observaciones asociadas a la empresa sanitaria que impiden su t\u00e9rmino. El titular de Vivienda y Urbanismo comprometi\u00f3 gestiones para avanzar en su entrega.<\/p>\n","protected":false},"author":1,"featured_media":34569,"comment_status":"closed","ping_status":"closed","sticky":false,"template":"","format":"standard","meta":{"footnotes":""},"categories":[3,3608,9,4584,3842],"tags":[2118,337,273,247,133],"class_list":["post-34568","post","type-post","status-publish","format-standard","has-post-thumbnail","hentry","category-al-dia","category-estado","category-gobierno","category-ministerio","category-politicas-publicas","tag-semanariolocal","tag-informacion","tag-noticias","tag-region-de-los-lagos","tag-semanario-local"],"_links":{"self":[{"href":"https:\/\/www.semanariolocal.cl\/index.php?rest_route=\/wp\/v2\/posts\/34568","targetHints":{"allow":["GET"]}}],"collection":[{"href":"https:\/\/www.semanariolocal.cl\/index.php?rest_route=\/wp\/v2\/posts"}],"about":[{"href":"https:\/\/www.semanariolocal.cl\/index.php?rest_route=\/wp\/v2\/types\/post"}],"author":[{"embeddable":true,"href":"https:\/\/www.semanariolocal.cl\/index.php?rest_route=\/wp\/v2\/users\/1"}],"replies":[{"embeddable":true,"href":"https:\/\/www.semanariolocal.cl\/index.php?rest_route=%2Fwp%2Fv2%2Fcomments&post=34568"}],"version-history":[{"count":1,"href":"https:\/\/www.semanariolocal.cl\/index.php?rest_route=\/wp\/v2\/posts\/34568\/revisions"}],"predecessor-version":[{"id":34570,"href":"https:\/\/www.semanariolocal.cl\/index.php?rest_route=\/wp\/v2\/posts\/34568\/revisions\/34570"}],"wp:featuredmedia":[{"embeddable":true,"href":"https:\/\/www.semanariolocal.cl\/index.php?rest_route=\/wp\/v2\/media\/34569"}],"wp:attachment":[{"href":"https:\/\/www.semanariolocal.cl\/index.php?rest_route=%2Fwp%2Fv2%2Fmedia&parent=34568"}],"wp:term":[{"taxonomy":"category","embeddable":true,"href":"https:\/\/www.semanariolocal.cl\/index.php?rest_route=%2Fwp%2Fv2%2Fcategories&post=34568"},{"taxonomy":"post_tag","embeddable":true,"href":"https:\/\/www.semanariolocal.cl\/index.php?rest_route=%2Fwp%2Fv2%2Ftags&post=34568"}],"curies":[{"name":"wp","href":"https:\/\/api.w.org\/{rel}","templated":true}]}}