{"id":34565,"date":"2026-04-27T07:29:17","date_gmt":"2026-04-27T11:29:17","guid":{"rendered":"https:\/\/www.semanariolocal.cl\/?p=34565"},"modified":"2026-04-27T07:29:18","modified_gmt":"2026-04-27T11:29:18","slug":"autoridades-verifican-inicio-de-trabajos-de-reparacion-del-puente-yelcho-en-palena","status":"publish","type":"post","link":"https:\/\/www.semanariolocal.cl\/?p=34565","title":{"rendered":"Autoridades verifican inicio de trabajos de reparaci\u00f3n del Puente Yelcho en Palena"},"content":{"rendered":"\n<p><strong><mark style=\"background-color:#abb8c3\" class=\"has-inline-color has-white-color\">27 de Abril del 2026.- <\/mark><\/strong>El puente, ubicado en el kil\u00f3metro 246 de la Ruta 7, a 45 kil\u00f3metros de Chait\u00e9n, sufri\u00f3 el corte de uno de sus tirantes\u00a0 en la conexi\u00f3n con la torre por el lado norte, en agosto del a\u00f1o pasado, tras el paso de un cami\u00f3n a exceso de velocidad por su estructura.<\/p>\n\n\n\n<p>En la previa del inicio de los trabajos, a cargo de la empresa constructora Freyssinet, el Delegado Presidencial Regional, Cristian Palma, junto al Delegado Provincial de Palena Marcelo Cifuentes, y el Seremi MOP de la regi\u00f3n de Los Lagos, Jairo Quinteros Mayne, conocieron detalles de las obras a desarrollar para la reposici\u00f3n de la estructura da\u00f1ada del viaducto, que es clave para la conectividad de la provincia de Palena y la regi\u00f3n de Ays\u00e9n.<\/p>\n\n\n\n<p>El\u00a0<strong>Seremi de Obras P\u00fablicas \u00a0Jairo Quinteros<\/strong>, indic\u00f3 que las obras consideran la recuperaci\u00f3n y servicios para reparar el corte de uno de los tirantes de puente, que ser\u00e1 reemplazado.\u00a0<em>\u201cDe acuerdo a lo que nos inform\u00f3 la inspecci\u00f3n fiscal y la empresa a cargo de los trabajos, lo que se har\u00e1 b\u00e1sicamente es reemplazar uno de los cables que se cort\u00f3. Es una barra, uno de los tirantes de este puente, y su reemplazo se realizar\u00e1 durante un par de semanas. Posterior al final de esa obra, se van a realizar trabajos para identificar la causa del corte de esa barra, ensayos de laboratorio, de resistencia, y despu\u00e9s, un estudio de diagn\u00f3stico de la calidad, la capacidad de los tirantes de este puente\u201d<\/em>, explic\u00f3.<\/p>\n\n\n\n<p>Quinteros agreg\u00f3 que ya est\u00e1 adem\u00e1s en desarrollo el estudio para una reposici\u00f3n del puente Yelcho, para lo cual se est\u00e1n evaluando como anteproyecto distintas tecnolog\u00edas constructivas, incluyendo la posibilidad de un nuevo puente atirantado.<\/p>\n\n\n\n<p>El\u00a0<strong>Delegado Presidencial Regional Cristi\u00e1n Palma,\u00a0<\/strong>se\u00f1al\u00f3 que una de las prioridades del Gobierno del Presidente Jos\u00e9 Antonio Kast, es avanzar en la soluci\u00f3n de las problem\u00e1ticas de la provincia de Palena, siendo la conectividad una de los m\u00e1s importantes frenos para el desarrollo de la zona m\u00e1s sure\u00f1a de nuestra regi\u00f3n de Los Lagos.<\/p>\n\n\n\n<p>\u201cPor ello, se est\u00e1n realizando los trabajos necesarios en este Puente, y se est\u00e1 avanzando en una soluci\u00f3n definitiva en el mediano plazo para esta importante v\u00eda de conexi\u00f3n para la provincia de Palena y la regi\u00f3n de Ays\u00e9n\u201d, indic\u00f3 la autoridad regional.<\/p>\n\n\n\n<p><br>El puente sobre el r\u00edo Yelcho, construido en 1989 y puesto en funcionamiento en 1990, une a la regi\u00f3n de Ays\u00e9n con la regi\u00f3n de Los Lagos, en base a una estructura de dos torres de 43 metros de altura, y 112 tirantes que sostienen su tablero, de 150 metros de extensi\u00f3n.<\/p>\n\n\n\n<p>El desarrollo de los trabajos en el Puente, implicar\u00e1 desde este lunes 27, hasta el mi\u00e9rcoles 29, el desarrollo de cortes programados de la circulaci\u00f3n sobre el viaducto, cada 20 minutos, desde las 09.30 a las 18.00 horas.<\/p>\n\n\n\n<p>Las autoridades regionales hicieron un llamado a la precauci\u00f3n de los conductores, a realizar una buena planificaci\u00f3n de sus desplazamientos, considerando eventuales demoras en los trayectos, y a estar atentos a las redes sociales del MOP en la regi\u00f3n de Los Lagos, en la que se comunicar\u00e1 cualquier cambio en los horarios de interrupci\u00f3n del tr\u00e1nsito para el desarrollo de los trabajos.<\/p>\n","protected":false},"excerpt":{"rendered":"<p>Este lunes comenzar\u00e1n los trabajos de reposici\u00f3n y reparaci\u00f3n de emergencia en el puente atirantado sobre el lago Yelcho, en la provincia de Palena.<\/p>\n","protected":false},"author":1,"featured_media":34566,"comment_status":"closed","ping_status":"closed","sticky":false,"template":"","format":"standard","meta":{"footnotes":""},"categories":[3,4422,4419,2483],"tags":[2118,4964,337,273,1030,247,133],"class_list":["post-34565","post","type-post","status-publish","format-standard","has-post-thumbnail","hentry","category-al-dia","category-chiloe","category-gobierno-regional","category-region","tag-semanariolocal","tag-delegacion-regional-presidencial","tag-informacion","tag-noticias","tag-palenas","tag-region-de-los-lagos","tag-semanario-local"],"_links":{"self":[{"href":"https:\/\/www.semanariolocal.cl\/index.php?rest_route=\/wp\/v2\/posts\/34565","targetHints":{"allow":["GET"]}}],"collection":[{"href":"https:\/\/www.semanariolocal.cl\/index.php?rest_route=\/wp\/v2\/posts"}],"about":[{"href":"https:\/\/www.semanariolocal.cl\/index.php?rest_route=\/wp\/v2\/types\/post"}],"author":[{"embeddable":true,"href":"https:\/\/www.semanariolocal.cl\/index.php?rest_route=\/wp\/v2\/users\/1"}],"replies":[{"embeddable":true,"href":"https:\/\/www.semanariolocal.cl\/index.php?rest_route=%2Fwp%2Fv2%2Fcomments&post=34565"}],"version-history":[{"count":1,"href":"https:\/\/www.semanariolocal.cl\/index.php?rest_route=\/wp\/v2\/posts\/34565\/revisions"}],"predecessor-version":[{"id":34567,"href":"https:\/\/www.semanariolocal.cl\/index.php?rest_route=\/wp\/v2\/posts\/34565\/revisions\/34567"}],"wp:featuredmedia":[{"embeddable":true,"href":"https:\/\/www.semanariolocal.cl\/index.php?rest_route=\/wp\/v2\/media\/34566"}],"wp:attachment":[{"href":"https:\/\/www.semanariolocal.cl\/index.php?rest_route=%2Fwp%2Fv2%2Fmedia&parent=34565"}],"wp:term":[{"taxonomy":"category","embeddable":true,"href":"https:\/\/www.semanariolocal.cl\/index.php?rest_route=%2Fwp%2Fv2%2Fcategories&post=34565"},{"taxonomy":"post_tag","embeddable":true,"href":"https:\/\/www.semanariolocal.cl\/index.php?rest_route=%2Fwp%2Fv2%2Ftags&post=34565"}],"curies":[{"name":"wp","href":"https:\/\/api.w.org\/{rel}","templated":true}]}}