{"id":34562,"date":"2026-04-26T09:10:00","date_gmt":"2026-04-26T13:10:00","guid":{"rendered":"https:\/\/www.semanariolocal.cl\/?p=34562"},"modified":"2026-04-26T22:18:02","modified_gmt":"2026-04-27T02:18:02","slug":"hospitalizar-la-vulnerabilidad","status":"publish","type":"post","link":"https:\/\/www.semanariolocal.cl\/?p=34562","title":{"rendered":"Hospitalizar la vulnerabilidad"},"content":{"rendered":"\n<p><strong><mark style=\"background-color:#abb8c3\" class=\"has-inline-color has-white-color\">26 de Abril del 2026.-<\/mark><\/strong> La ministra de Salud, Dra. May Chomali, advirti\u00f3 que cerca de 1.000 pacientes sociosanitarios permanecen hospitalizados en distintos establecimientos del pa\u00eds, pese a contar con alta m\u00e9dica, principalmente por la falta de redes de apoyo y de cuidados.<\/p>\n\n\n\n<p>M\u00e1s all\u00e1 del problema inmediato que ello supone para la disponibilidad de camas y el acceso oportuno a la atenci\u00f3n de salud, esta situaci\u00f3n nos recuerda que el cuidado no puede seguir siendo entendido como una responsabilidad invisible, privatizada en las familias o dejada casi exclusivamente en manos del sistema de salud y nos obliga a ampliar la mirada hacia una perspectiva del cuidado como cuesti\u00f3n p\u00fablica.<\/p>\n\n\n\n<p>Lo que observamos aqu\u00ed es la expresi\u00f3n de una red de cuidados insuficiente y de una organizaci\u00f3n social que a\u00fan no garantiza transiciones seguras desde el hospital hacia la vida comunitaria, evidenciando una deuda del sistema y de la sociedad con los cuidados de largo plazo.<\/p>\n\n\n\n<p>La permanencia de personas mayores en hospitales, no por necesidad cl\u00ednica sino por ausencia de apoyos, vivienda o condiciones m\u00ednimas para su continuidad de vida fuera del recinto asistencial, no puede interpretarse solo como un problema sanitario o administrativo. Se trata, en rigor, de un desaf\u00edo intersectorial que interpela a salud, desarrollo social, vivienda, y gobiernos locales. No es razonable que los hospitales terminen asumiendo funciones de resguardo social que debieran estar resueltas en otros \u00e1mbitos de protecci\u00f3n y cuidado.<\/p>\n\n\n\n<p>Mantener hospitalizadas a personas mayores en estas condiciones no solo es ineficiente para el sistema, sino que tambi\u00e9n compromete su dignidad, su derecho al cuidado y su posibilidad de envejecer en condiciones seguras en la comunidad. M\u00e1s que hospitalizar la vulnerabilidad, es necesario fortalecer un sistema de cuidados que proteja la autonom\u00eda y la dignidad de las personas con necesidades de cuidado.<\/p>\n\n\n\n<p>Chile necesita avanzar con urgencia hacia una pol\u00edtica integral de cuidados que reconozca la dependencia, la fragilidad y la soledad como desaf\u00edos p\u00fablicos y humanos. Cuidar no es solo una tarea t\u00e9cnica o administrativa: es una expresi\u00f3n concreta de justicia, compasi\u00f3n y respeto por la dignidad de toda vida humana.<\/p>\n\n\n\n<p><strong>Dra. Alejandra Araya\u00a0Gutierrez &#8211;<em> <\/em>Enfermera Matrona, Pontificia Universidad de Chile &#8211; Doctorado en Filosof\u00eda de la Enfermer\u00eda, Universidad de Illinois. Especialista en Gerontolog\u00eda, Pontificia Universidad Cat\u00f3lica de Chile<\/strong>.<\/p>\n","protected":false},"excerpt":{"rendered":"<p>La permanencia de personas mayores en hospitales, no por necesidad cl\u00ednica sino por ausencia de apoyos, vivienda o condiciones m\u00ednimas para su continuidad de vida fuera del recinto asistencial, no puede interpretarse solo como un problema sanitario o administrativo.<\/p>\n","protected":false},"author":1,"featured_media":34563,"comment_status":"closed","ping_status":"closed","sticky":false,"template":"","format":"standard","meta":{"footnotes":""},"categories":[4319,3,4161,2484,4395],"tags":[2118,337,273,247,133],"class_list":["post-34562","post","type-post","status-publish","format-standard","has-post-thumbnail","hentry","category-adulto-mayor","category-al-dia","category-familia","category-salud","category-sociedad","tag-semanariolocal","tag-informacion","tag-noticias","tag-region-de-los-lagos","tag-semanario-local"],"_links":{"self":[{"href":"https:\/\/www.semanariolocal.cl\/index.php?rest_route=\/wp\/v2\/posts\/34562","targetHints":{"allow":["GET"]}}],"collection":[{"href":"https:\/\/www.semanariolocal.cl\/index.php?rest_route=\/wp\/v2\/posts"}],"about":[{"href":"https:\/\/www.semanariolocal.cl\/index.php?rest_route=\/wp\/v2\/types\/post"}],"author":[{"embeddable":true,"href":"https:\/\/www.semanariolocal.cl\/index.php?rest_route=\/wp\/v2\/users\/1"}],"replies":[{"embeddable":true,"href":"https:\/\/www.semanariolocal.cl\/index.php?rest_route=%2Fwp%2Fv2%2Fcomments&post=34562"}],"version-history":[{"count":1,"href":"https:\/\/www.semanariolocal.cl\/index.php?rest_route=\/wp\/v2\/posts\/34562\/revisions"}],"predecessor-version":[{"id":34564,"href":"https:\/\/www.semanariolocal.cl\/index.php?rest_route=\/wp\/v2\/posts\/34562\/revisions\/34564"}],"wp:featuredmedia":[{"embeddable":true,"href":"https:\/\/www.semanariolocal.cl\/index.php?rest_route=\/wp\/v2\/media\/34563"}],"wp:attachment":[{"href":"https:\/\/www.semanariolocal.cl\/index.php?rest_route=%2Fwp%2Fv2%2Fmedia&parent=34562"}],"wp:term":[{"taxonomy":"category","embeddable":true,"href":"https:\/\/www.semanariolocal.cl\/index.php?rest_route=%2Fwp%2Fv2%2Fcategories&post=34562"},{"taxonomy":"post_tag","embeddable":true,"href":"https:\/\/www.semanariolocal.cl\/index.php?rest_route=%2Fwp%2Fv2%2Ftags&post=34562"}],"curies":[{"name":"wp","href":"https:\/\/api.w.org\/{rel}","templated":true}]}}