{"id":3456,"date":"2021-12-12T08:05:00","date_gmt":"2021-12-12T11:05:00","guid":{"rendered":"https:\/\/www.semanariolocal.cl\/?p=3456"},"modified":"2021-12-11T22:54:22","modified_gmt":"2021-12-12T01:54:22","slug":"no-son-30-anos-son-120-anos-de-desigualdad","status":"publish","type":"post","link":"https:\/\/www.semanariolocal.cl\/?p=3456","title":{"rendered":"No son 30 a\u00f1os: son 120 a\u00f1os de desigualdad"},"content":{"rendered":"\n<p style=\"font-size:17px\">Pareciera que debemos leer estudios de afuera para darnos cuenta de nuestra cat\u00e1strofe local. El impactante informe de la Escuela de Econom\u00eda de Par\u00eds, nos dio una gran cachetada: \u201cChile suma 120 a\u00f1os de desigualdad extrema\u201d. No es una nebulosa, no es un enjambre incierto ni una nube cegadora: la desigualdad es concreta y tiene cifras reales en Chile. Hablar de desigualdad en nuestro pa\u00eds significa globalmente como si nos dividi\u00e9ramos en dos.<\/p>\n\n\n\n<p style=\"font-size:17px\">Pero, \u00bfcu\u00e1n desiguales somos, d\u00f3nde nos posicionamos a nivel mundial? El estudio mencionado es claro: la mitad de la poblaci\u00f3n con menos recursos acumula una riqueza apenas sobre el 0%, mientras que el 1% m\u00e1s rico posee casi la mitad de ella. Somos uno de los pa\u00edses m\u00e1s desiguales en Am\u00e9rica Latina, con niveles comparables a los de Brasil. Y para tener un panorama m\u00e1s palpable, se indica que la mitad de la poblaci\u00f3n m\u00e1s pobre acumula el 10%, mientras que el d\u00e9cimo m\u00e1s rico aglutina un 60%.<\/p>\n\n\n\n<p style=\"font-size:17px\">&nbsp;La verdad es que no hay conciencia ciudadana, porque estamos tan compartimentados y configurados en verdaderos guetos con un l\u00edmite marcado entre barrios, donde no es raro que haya personas que no conozcan la comuna de Santiago centro, el \u00e1rea sur o que ciudadanos con menos recursos s\u00f3lo acudan camino a la Cordillera para trabajar en las obras de construcci\u00f3n, como asesoras del hogar o de empleados en el retail.<\/p>\n\n\n\n<p style=\"font-size:17px\">Esto, traducido a la cruda realidad significa que las personas del 10% m\u00e1s pobre tienen menos esperanza de vida al nacer, que una persona con recursos. La educaci\u00f3n est\u00e1 marcada por la segregaci\u00f3n y la desigualdad en la calidad. Esto hace que la educaci\u00f3n no se convierta en una posibilidad de salir de la pobreza, hasta puede perpetuarla y no se logra esa integraci\u00f3n que s\u00ed se da en otros pa\u00edses. Y la pandemia vino a recrudecer a\u00fan m\u00e1s el panorama, creando brechas obscenas entre unos y otros.<\/p>\n\n\n\n<p style=\"font-size:17px\">Algunos se preguntan si existe realmente la tan mentada clase media que hace que vivamos ese espejismo de la no pobreza. La pandemia expuso a las familias y la retrat\u00f3 sin adornos ni colores. Los datos de la OECD son muy claros respecto a Chile: un 53% correr\u00eda el riesgo de caer en la pobreza si tuviera que renunciar a 3 meses de sus ingresos.<\/p>\n\n\n\n<p style=\"font-size:17px\">Venir marcado por la cuna se hace insostenible, las consecuencias son nefastas e incalculables, sobre todo despu\u00e9s de la aparici\u00f3n del Covid-19. Una caminata por la realidad puede alumbrar el paisaje y convertir las cifras en rostros, para avanzar con humanidad, sobre todo en \u00e9pocas de elecciones y promesas.<\/p>\n\n\n\n<p style=\"font-size:17px\"><strong>Carlos Schneider Ya\u00f1ez<\/strong><\/p>\n\n\n\n<p style=\"font-size:17px\"><strong>Odont\u00f3logo y Mag\u00edster en Gesti\u00f3n en Salud<\/strong><\/p>\n\n\n\n<p style=\"font-size:17px\"><strong>Universidad de Chile<\/strong><\/p>\n\n\n\n<p style=\"font-size:17px\"><strong>M.B.A. Tulane University (USA)<\/strong><\/p>\n","protected":false},"excerpt":{"rendered":"<p>Pareciera que debemos leer estudios de afuera para darnos cuenta de nuestra cat\u00e1strofe local. El impactante informe de la Escuela de Econom\u00eda de Par\u00eds, nos dio una gran cachetada: \u201cChile suma 120 a\u00f1os de desigualdad extrema\u201d. No es una nebulosa, no es un enjambre incierto ni una nube cegadora: la desigualdad es concreta y tiene&#8230;<a class=\"btnReadMore\" href=\"https:\/\/www.semanariolocal.cl\/?p=3456\"> Leer M\u00e1s<\/a><\/p>\n","protected":false},"author":1,"featured_media":3457,"comment_status":"closed","ping_status":"closed","sticky":false,"template":"","format":"standard","meta":{"footnotes":""},"categories":[7],"tags":[],"class_list":["post-3456","post","type-post","status-publish","format-standard","has-post-thumbnail","hentry","category-opinion"],"_links":{"self":[{"href":"https:\/\/www.semanariolocal.cl\/index.php?rest_route=\/wp\/v2\/posts\/3456","targetHints":{"allow":["GET"]}}],"collection":[{"href":"https:\/\/www.semanariolocal.cl\/index.php?rest_route=\/wp\/v2\/posts"}],"about":[{"href":"https:\/\/www.semanariolocal.cl\/index.php?rest_route=\/wp\/v2\/types\/post"}],"author":[{"embeddable":true,"href":"https:\/\/www.semanariolocal.cl\/index.php?rest_route=\/wp\/v2\/users\/1"}],"replies":[{"embeddable":true,"href":"https:\/\/www.semanariolocal.cl\/index.php?rest_route=%2Fwp%2Fv2%2Fcomments&post=3456"}],"version-history":[{"count":1,"href":"https:\/\/www.semanariolocal.cl\/index.php?rest_route=\/wp\/v2\/posts\/3456\/revisions"}],"predecessor-version":[{"id":3458,"href":"https:\/\/www.semanariolocal.cl\/index.php?rest_route=\/wp\/v2\/posts\/3456\/revisions\/3458"}],"wp:featuredmedia":[{"embeddable":true,"href":"https:\/\/www.semanariolocal.cl\/index.php?rest_route=\/wp\/v2\/media\/3457"}],"wp:attachment":[{"href":"https:\/\/www.semanariolocal.cl\/index.php?rest_route=%2Fwp%2Fv2%2Fmedia&parent=3456"}],"wp:term":[{"taxonomy":"category","embeddable":true,"href":"https:\/\/www.semanariolocal.cl\/index.php?rest_route=%2Fwp%2Fv2%2Fcategories&post=3456"},{"taxonomy":"post_tag","embeddable":true,"href":"https:\/\/www.semanariolocal.cl\/index.php?rest_route=%2Fwp%2Fv2%2Ftags&post=3456"}],"curies":[{"name":"wp","href":"https:\/\/api.w.org\/{rel}","templated":true}]}}