{"id":34554,"date":"2026-04-26T08:30:00","date_gmt":"2026-04-26T12:30:00","guid":{"rendered":"https:\/\/www.semanariolocal.cl\/?p=34554"},"modified":"2026-04-26T21:43:41","modified_gmt":"2026-04-27T01:43:41","slug":"parkinson-avances-desafios-y-oportunidades-para-chile","status":"publish","type":"post","link":"https:\/\/www.semanariolocal.cl\/?p=34554","title":{"rendered":"Parkinson: avances, desaf\u00edos y oportunidades para Chile."},"content":{"rendered":"\n<p><strong><mark style=\"background-color:#abb8c3\" class=\"has-inline-color has-white-color\">26 de abril del 2026.-<\/mark><\/strong> La OMS se\u00f1ala que los medicamentos, la cirug\u00eda y la rehabilitaci\u00f3n pueden reducir los s\u00edntomas y mejorar el funcionamiento. A esto se suma la literatura reciente, que reafirma el valor del ejercicio terap\u00e9utico y de la rehabilitaci\u00f3n f\u00edsica como parte central del abordaje, con beneficios en los s\u00edntomas motores, el equilibrio, la marcha y la calidad de vida.<\/p>\n\n\n\n<p>En Chile, el panorama muestra avances importantes. La enfermedad de Parkinson forma parte del sistema GES, que contempla diagn\u00f3stico, tratamiento y rehabilitaci\u00f3n en la red de atenci\u00f3n. Adem\u00e1s, las gu\u00edas cl\u00ednicas del Ministerio de Salud ya reconocen que la rehabilitaci\u00f3n no farmacol\u00f3gica debe asociarse al tratamiento farmacol\u00f3gico, promoviendo la terapia f\u00edsica, la terapia ocupacional, la fonoaudiolog\u00eda, la prevenci\u00f3n de ca\u00eddas, el trabajo con cuidadores y un enfoque centrado en la persona y su familia.<\/p>\n\n\n\n<p>Tambi\u00e9n existen se\u00f1ales concretas de desarrollo en el pa\u00eds. En el \u00e1mbito cient\u00edfico, estudios publicados en Chile han mostrado beneficios del entrenamiento multicomponente sobre la marcha funcional en personas con Parkinson. En el \u00e1mbito asistencial, el MINSAL inform\u00f3 en 2024 sobre el desarrollo de un programa de cirug\u00eda de Parkinson en el Instituto de Neurocirug\u00eda, retomando una l\u00ednea de tratamiento avanzado para personas con indicaci\u00f3n espec\u00edfica. Estos hitos muestran que Chile s\u00ed avanza, aunque todav\u00eda de manera desigual entre los territorios y los niveles de atenci\u00f3n.<\/p>\n\n\n\n<p>Sin embargo, la principal brecha sigue siendo la de oportunidad y de continuidad del cuidado. En una enfermedad sin cura, mejorar no depende s\u00f3lo de disponer de m\u00e1s f\u00e1rmacos o de cirug\u00eda avanzada, sino de garantizar un acceso temprano y sostenido a rehabilitaci\u00f3n interdisciplinaria, seguimiento funcional, educaci\u00f3n para la familia y apoyo al cuidador. La propia gu\u00eda chilena enfatiza la intervenci\u00f3n temprana, el trabajo multidisciplinario y la estrategia comunitaria, elementos que hoy deber\u00edan fortalecerse a\u00fan m\u00e1s a la luz de la evidencia reciente.<\/p>\n\n\n\n<p>Hablar de Parkinson hoy no es s\u00f3lo hablar de enfermedad, sino tambi\u00e9n de dignidad, participaci\u00f3n y del derecho a una rehabilitaci\u00f3n oportuna. Chile ha dado pasos relevantes, pero a\u00fan puede avanzar m\u00e1s si logra actualizar sus gu\u00edas, ampliar la cobertura real de rehabilitaci\u00f3n, fortalecer la atenci\u00f3n primaria y acercar las terapias especializadas a m\u00e1s personas, en especial fuera de los grandes centros urbanos. Mientras no exista una cura, la mejor respuesta sigue siendo una atenci\u00f3n integral, humana y basada en evidencia.<\/p>\n\n\n\n<p><strong>Dra. Lidia Castillo Mariqueo &#8211; Kinesi\u00f3loga y Acad\u00e9mica UNAB &#8211; Doctora en Neurociencias &#8211; Universidad Aut\u00f3noma de Barcelona<\/strong><\/p>\n","protected":false},"excerpt":{"rendered":"<p>La evidencia internacional reciente muestra que, aunque a\u00fan no existe un tratamiento curativo capaz de detener por completo la progresi\u00f3n del Parkinson, s\u00ed hay avances relevantes en su manejo. <\/p>\n","protected":false},"author":1,"featured_media":34555,"comment_status":"closed","ping_status":"closed","sticky":false,"template":"","format":"standard","meta":{"footnotes":""},"categories":[4319,4396,4603,2484,4556,4395],"tags":[2118,4961,337,273,4962,247,133],"class_list":["post-34554","post","type-post","status-publish","format-standard","has-post-thumbnail","hentry","category-adulto-mayor","category-especialista","category-medicina-y-salud","category-salud","category-salud-mental","category-sociedad","tag-semanariolocal","tag-dra-lidia-castillo-mariqueo","tag-informacion","tag-noticias","tag-parkinson","tag-region-de-los-lagos","tag-semanario-local"],"_links":{"self":[{"href":"https:\/\/www.semanariolocal.cl\/index.php?rest_route=\/wp\/v2\/posts\/34554","targetHints":{"allow":["GET"]}}],"collection":[{"href":"https:\/\/www.semanariolocal.cl\/index.php?rest_route=\/wp\/v2\/posts"}],"about":[{"href":"https:\/\/www.semanariolocal.cl\/index.php?rest_route=\/wp\/v2\/types\/post"}],"author":[{"embeddable":true,"href":"https:\/\/www.semanariolocal.cl\/index.php?rest_route=\/wp\/v2\/users\/1"}],"replies":[{"embeddable":true,"href":"https:\/\/www.semanariolocal.cl\/index.php?rest_route=%2Fwp%2Fv2%2Fcomments&post=34554"}],"version-history":[{"count":1,"href":"https:\/\/www.semanariolocal.cl\/index.php?rest_route=\/wp\/v2\/posts\/34554\/revisions"}],"predecessor-version":[{"id":34556,"href":"https:\/\/www.semanariolocal.cl\/index.php?rest_route=\/wp\/v2\/posts\/34554\/revisions\/34556"}],"wp:featuredmedia":[{"embeddable":true,"href":"https:\/\/www.semanariolocal.cl\/index.php?rest_route=\/wp\/v2\/media\/34555"}],"wp:attachment":[{"href":"https:\/\/www.semanariolocal.cl\/index.php?rest_route=%2Fwp%2Fv2%2Fmedia&parent=34554"}],"wp:term":[{"taxonomy":"category","embeddable":true,"href":"https:\/\/www.semanariolocal.cl\/index.php?rest_route=%2Fwp%2Fv2%2Fcategories&post=34554"},{"taxonomy":"post_tag","embeddable":true,"href":"https:\/\/www.semanariolocal.cl\/index.php?rest_route=%2Fwp%2Fv2%2Ftags&post=34554"}],"curies":[{"name":"wp","href":"https:\/\/api.w.org\/{rel}","templated":true}]}}