{"id":34551,"date":"2026-04-26T08:10:00","date_gmt":"2026-04-26T12:10:00","guid":{"rendered":"https:\/\/www.semanariolocal.cl\/?p=34551"},"modified":"2026-04-26T21:28:21","modified_gmt":"2026-04-27T01:28:21","slug":"ninos-criminales-y-las-bandas-de-delincuentes-juveniles","status":"publish","type":"post","link":"https:\/\/www.semanariolocal.cl\/?p=34551","title":{"rendered":"Ni\u00f1os criminales y las bandas de delincuentes juveniles"},"content":{"rendered":"\n<p><strong><mark style=\"background-color:#abb8c3\" class=\"has-inline-color has-white-color\">26 de abril del 2027.-<\/mark><\/strong> Desde hace un tiempo a esta parte, nuestro pa\u00eds se ha visto invadido por bandas de j\u00f3venes delincuentes de entre 11 y 17 a\u00f1os que se dedican \u2013con un grado de violencia inusitado\u2013 a robar veh\u00edculos, asaltar casas, atracar bencineras, asesinar personas, vender y consumir drogas, y un largo listado de fechor\u00edas.<\/p>\n\n\n\n<p>Uno de los aspectos m\u00e1s peligrosos de esta situaci\u00f3n, es que los ni\u00f1os criminales menores de 14 a\u00f1os,&nbsp; tienen clara conciencia de que ellos son&nbsp; <strong>\u201cinimputables\u201d<\/strong> y que la sociedad los considera, incluso, <strong>\u201csin discernimiento\u201d<\/strong>, en funci\u00f3n de lo cual, estos j\u00f3venes delincuentes pueden realizar casi cualquier barbaridad en t\u00e9rminos delictuales \u2013incluyendo la violaci\u00f3n y asesinato de las v\u00edctimas de sus delitos\u2013 sin&nbsp; recibir castigo alguno.<\/p>\n\n\n\n<p>\u00bfResultado de lo anterior? El Poder Judicial revel\u00f3 que los Juzgados de Familia \u2013correspondiente a los antiguos \u201c<strong>Juzgados de Menores\u201d<\/strong>\u2013 han registrado m\u00e1s de 30.000 casos de <strong>\u201cni\u00f1os inimputables\u201d<\/strong> menores de 14 a\u00f1os que fueron detenidos por diversas infracciones y delitos cometidos desde el a\u00f1o 2018 en adelante. Dada su edad, a estos menores no se les pudo atribuir responsabilidad penal alguna, por lo que terminaron siendo absueltos de los delitos cometidos y entregados a sus padres y guardadores.<\/p>\n\n\n\n<p>En cuanto a los menores que iban de los 14 a los 18 a\u00f1os \u2013quienes s\u00ed pueden enfrentar la justicia en forma escalonada: 14-16 y 16-18\u2013, s\u00f3lo durante el a\u00f1o 2024 la fiscal\u00eda formaliz\u00f3 a m\u00e1s de 40.000 delincuentes juveniles y los casos no cesan de aumentar.<\/p>\n\n\n\n<p>Los distintos&nbsp; gobiernos han hablado de <strong>\u201ccifras extremadamente&nbsp; preocupantes y alarmantes\u201d<\/strong> y de que estamos <strong>\u201cfrente a un problema dram\u00e1tico y complejo\u201d<\/strong>. Sin embargo, luego de tanta alarma p\u00fablica, ninguna autoridad ha tomado medidas concretas que permitan acabar con el problema, o por lo menos controlarlo.<\/p>\n\n\n\n<p>Algunas de las causas que dan origen a las pandillas y\/o bandas juveniles son, entre otras: <strong>1. La desintegraci\u00f3n del n\u00facleo familiar. 2. La ausencia de valores desde el hogar. 3. El ambiente social que rodea a los menores. 4. La necesidad de pertenencia de los ni\u00f1os a un grupo que los acoja, aunque sea de tipo delictual.<\/strong><\/p>\n\n\n\n<p>En diversos pa\u00edses las bandas de delincuentes tienen, por as\u00ed decirlo, <strong>\u201cdivisiones infantiles\u201d<\/strong> para ni\u00f1os de entre 9 y 13 a\u00f1os, muchos de ellos moliendo hero\u00edna para organizaciones criminales y narcotraficantes que los emplean en el negocio de las drogas, porque saben que cuentan con la protecci\u00f3n de la ley en caso de ser atrapados cometiendo delitos, ya que estos chicos no pueden ser encarcelados si tienen menos de 12 a\u00f1os. El grave problema radica en que aquellos que, posteriormente, se convierten en asesinos adolescentes, casi siempre tienen antecedentes criminales policiales desde mucho antes, en ocasiones desde los nueve a\u00f1os.<\/p>\n\n\n\n<p>Estos ni\u00f1os criminales comienzan a delinquir desde muy j\u00f3venes, porque saben que nada les va a pasar. El segundo grave dilema radica en que, gradualmente, va aumentando la gravedad de sus delitos \u2013atracos, robos con violencia, asaltos con arma blanca o con pistolas, etc.\u2013, lo que significa que cuando lleguen a adolescentes entre 15 y 17 a\u00f1os ser\u00e1n criminales hechos y derechos.<\/p>\n\n\n\n<p>Es preciso que nuestro pa\u00eds preste mucha atenci\u00f3n a esta situaci\u00f3n antes de que se desborde totalmente y se convierta en un tema imposible de controlar, ya que es cosa de observar lo que ha sucedido en otros pa\u00edses: el problema de la delincuencia infantil se ha convertido en una verdadera pesadilla no s\u00f3lo en EE.UU., sino que tambi\u00e9n en Espa\u00f1a, Inglaterra, M\u00e9xico, Brasil, Per\u00fa, etc. Una quinta parte de los delitos graves cometidos en la ciudad de Londres fue obra de colegiales: ni\u00f1os y ni\u00f1as de 10 y 12 a\u00f1os que atacaban a ancianos, robaban y asaltaban con mucha violencia. Una de las razones&nbsp; para esta conducta \u2013aun cuando no constituye una justificaci\u00f3n\u2013, es que estos ni\u00f1os delincuentes act\u00faan de manera impulsiva, sin control y sin ning\u00fan tipo de temor a las consecuencias.<\/p>\n\n\n\n<p>La t\u00f3nica que se advierte despu\u00e9s que se apresa a estos delincuentes y se los lleva ante los Tribunales de Familia, es que muestran muy poco arrepentimiento por sus delitos y fechor\u00edas. Por el contrario: muchos de ellos hacen ostentaci\u00f3n y presumen abiertamente en las redes sociales y entre sus grupos de pares acerca de los il\u00edcitos cometidos.<\/p>\n\n\n\n<p>Las investigaciones internacionales se\u00f1alan que las pandillas juveniles se han convertido en un fen\u00f3meno social propio de las grandes urbes y, en algunos pa\u00edses, este fen\u00f3meno est\u00e1 siendo considerado como uno de los principales problemas de <strong>\u201cseguridad nacional\u201d<\/strong>. Lo anterior, a ra\u00edz de las repercusiones que tiene en la poblaci\u00f3n la proliferaci\u00f3n sin freno del n\u00famero de ni\u00f1os criminales y de pandillas juveniles dedicados a cometer delitos y desmanes, amparados por las propias leyes de inimputabilidad.<\/p>\n\n\n\n<p>Recordemos que el desborde de la delincuencia juvenil en Brasil condujo a la desgraciada aparici\u00f3n de los <strong>\u201cescuadrones de la muerte\u201d<\/strong> que en el a\u00f1o 1990 s\u00f3lo en R\u00edo de Janeiro asesinaron a m\u00e1s de 500 ni\u00f1os menores de edad. El Instituto Brasile\u00f1o de Geograf\u00eda y Estad\u00edstica revel\u00f3 que el 63% de los ni\u00f1os asesinados ten\u00eda entre 9 y 12 a\u00f1os.<\/p>\n\n\n\n<p>Dado que la delincuencia juvenil se est\u00e1n convirtiendo en un problema de tipo social, su tratamiento requiere de una respuesta tambi\u00e9n social, que implique, tomar medidas tanto de tipo pol\u00edticas, como as\u00ed tambi\u00e9n utilizar estrategias multisectoriales con participaci\u00f3n no s\u00f3lo del Estado, sino que de los padres de estos menores y de la comunidad, donde el enfoque no se reduce exclusivamente a tomar medidas represivas y punibles, sino que, prioritariamente, medidas de tipo preventivas.<\/p>\n\n\n\n<p>Es altamente probable que esto requiera de ciertos cambios y adecuaciones de las leyes actualmente vigentes. Por mucho que queramos ponernos una venda y cerrar los ojos ante la realidad que nos rodea, a partir de una determinada edad, los ni\u00f1os saben \u2013y discriminan\u2013 claramente la diferencia entre el <strong>\u201cbien\u201d y el \u201cmal\u201d<\/strong>, as\u00ed como tambi\u00e9n saben perfectamente, que si tienen menos de 12 a\u00f1os y cometen delitos, nadie los puede tocar.<\/p>\n\n\n\n<p><strong>Dr. Franco Lotito C. \u2013 <a href=\"http:\/\/www.aurigaservicios.cl\">www.aurigaservicios.cl<\/a> &#8211; Conferencista, escritor e investigador (PUC)<\/strong><\/p>\n","protected":false},"excerpt":{"rendered":"<p>\u201cHemos aprendido a volar como los p\u00e1jaros, a nadar como los peces, pero a\u00fan no hemos aprendido el sencillo arte de vivir en paz, sin violencia, con respeto y en armon\u00eda con los dem\u00e1s\u201d (Martin Luther King, pacifista y pastor norteamericano).<\/p>\n","protected":false},"author":1,"featured_media":34552,"comment_status":"closed","ping_status":"closed","sticky":false,"template":"","format":"standard","meta":{"footnotes":""},"categories":[2889,3608,4738,7,3842,3265,4395],"tags":[2118,3745,337,273,247,133],"class_list":["post-34551","post","type-post","status-publish","format-standard","has-post-thumbnail","hentry","category-analisis","category-estado","category-jovenes","category-opinion","category-politicas-publicas","category-psicologia","category-sociedad","tag-semanariolocal","tag-dr-franco-lotito-catino","tag-informacion","tag-noticias","tag-region-de-los-lagos","tag-semanario-local"],"_links":{"self":[{"href":"https:\/\/www.semanariolocal.cl\/index.php?rest_route=\/wp\/v2\/posts\/34551","targetHints":{"allow":["GET"]}}],"collection":[{"href":"https:\/\/www.semanariolocal.cl\/index.php?rest_route=\/wp\/v2\/posts"}],"about":[{"href":"https:\/\/www.semanariolocal.cl\/index.php?rest_route=\/wp\/v2\/types\/post"}],"author":[{"embeddable":true,"href":"https:\/\/www.semanariolocal.cl\/index.php?rest_route=\/wp\/v2\/users\/1"}],"replies":[{"embeddable":true,"href":"https:\/\/www.semanariolocal.cl\/index.php?rest_route=%2Fwp%2Fv2%2Fcomments&post=34551"}],"version-history":[{"count":1,"href":"https:\/\/www.semanariolocal.cl\/index.php?rest_route=\/wp\/v2\/posts\/34551\/revisions"}],"predecessor-version":[{"id":34553,"href":"https:\/\/www.semanariolocal.cl\/index.php?rest_route=\/wp\/v2\/posts\/34551\/revisions\/34553"}],"wp:featuredmedia":[{"embeddable":true,"href":"https:\/\/www.semanariolocal.cl\/index.php?rest_route=\/wp\/v2\/media\/34552"}],"wp:attachment":[{"href":"https:\/\/www.semanariolocal.cl\/index.php?rest_route=%2Fwp%2Fv2%2Fmedia&parent=34551"}],"wp:term":[{"taxonomy":"category","embeddable":true,"href":"https:\/\/www.semanariolocal.cl\/index.php?rest_route=%2Fwp%2Fv2%2Fcategories&post=34551"},{"taxonomy":"post_tag","embeddable":true,"href":"https:\/\/www.semanariolocal.cl\/index.php?rest_route=%2Fwp%2Fv2%2Ftags&post=34551"}],"curies":[{"name":"wp","href":"https:\/\/api.w.org\/{rel}","templated":true}]}}