{"id":34536,"date":"2026-04-25T10:30:00","date_gmt":"2026-04-25T14:30:00","guid":{"rendered":"https:\/\/www.semanariolocal.cl\/?p=34536"},"modified":"2026-04-25T22:35:47","modified_gmt":"2026-04-26T02:35:47","slug":"el-cansancio-docente-como-fenomeno-estructural","status":"publish","type":"post","link":"https:\/\/www.semanariolocal.cl\/?p=34536","title":{"rendered":"El cansancio docente como fen\u00f3meno estructural"},"content":{"rendered":"\n<p><strong><mark style=\"background-color:#abb8c3\" class=\"has-inline-color has-white-color\">25 de abril del 2025.-<\/mark><\/strong> El cansancio que la mayor\u00eda de los profesores chilenos describe cuando se les pregunta de verdad \u2014y no en una encuesta institucional, sino en una conversaci\u00f3n donde no haya nada que cuidar\u2014 no tiene la forma aguda de un colapso. Tiene la forma lenta y acumulativa de quien lleva demasiado tiempo haciendo m\u00e1s de lo que es razonable con menos de lo que ser\u00eda necesario. Es un cansancio que no se va del todo en las vacaciones de verano, por muy largas que sean, ni se resuelve con un taller de autocuidado un s\u00e1bado por la ma\u00f1ana.<\/p>\n\n\n\n<p>Hablar del cansancio docente con honestidad requiere resistir dos tentaciones. La primera es romantizar la docencia hasta convertirla en vocaci\u00f3n pura, donde el agotamiento ser\u00eda casi una prueba de compromiso: el buen profesor se desgasta porque ama lo que hace, porque est\u00e1 demasiado comprometido. Esa narrativa es c\u00f3moda para el sistema porque desplaza la responsabilidad hacia la psicolog\u00eda individual y aleja la mirada de las condiciones estructurales. La segunda tentaci\u00f3n es reducir el problema a salarios, como si un aumento resolviera lo que no es solo un problema de remuneraci\u00f3n. Los salarios importan y en Chile siguen siendo insuficientes para el nivel de exigencia y formaci\u00f3n que se requiere. Pero hay profesores bien pagados que tambi\u00e9n est\u00e1n agotados, y hay algo en ese dato que obliga a ir m\u00e1s lejos.<\/p>\n\n\n\n<p>Lo que agota a los docentes chilenos tiene m\u00faltiples causas y es acumulativo. Est\u00e1 la carga administrativa, que ha crecido de manera sostenida en las \u00faltimas d\u00e9cadas: planillas, informes, registros de asistencia diferenciados, protocolos de convivencia, documentaci\u00f3n para la subvenci\u00f3n, reportes para equipos directivos. Todo eso tiene su justificaci\u00f3n parcial, pero en conjunto produce algo concreto: profesores que destinan horas significativas de su semana a tareas que no son ense\u00f1ar y que sin embargo se les descuentan del mismo tiempo disponible. Est\u00e1 tambi\u00e9n la ampliaci\u00f3n del rol. La escuela ha ido absorbiendo funciones que antes correspond\u00edan a otras instituciones o a las familias, y los profesores han pasado a ocuparse de la salud mental de sus estudiantes, de la contenci\u00f3n emocional, de la detecci\u00f3n de situaciones de vulnerabilidad, de la mediaci\u00f3n de conflictos que trascienden el espacio escolar. No es que eso sea ileg\u00edtimo. Es que nadie redujo la carga curricular para que lo otro cupiera.<\/p>\n\n\n\n<p>Hay adem\u00e1s algo que se menciona menos, y es el cansancio que produce la discontinuidad entre lo que los profesores saben que ser\u00eda una buena pr\u00e1ctica pedag\u00f3gica y lo que las condiciones reales les permiten hacer. Un docente que ha aprendido a valorar el aprendizaje profundo, la atenci\u00f3n a la diversidad, la evaluaci\u00f3n formativa, y que todos los d\u00edas se enfrenta a la imposibilidad material de aplicar nada de eso en un aula de cuarenta estudiantes con cuatro que tienen necesidades educativas especiales sin apoyo suficiente, no experimenta solo estr\u00e9s. Y eso erosiona algo m\u00e1s que la energ\u00eda. Erosiona el sentido.<\/p>\n\n\n\n<p>Lo que tiene de estructural el cansancio docente es precisamente que no se origina en decisiones individuales ni se resuelve en ese nivel. Se origina en un dise\u00f1o institucional que ha acumulado demandas sobre la figura del profesor sin revisar el conjunto ni distribuir responsabilidades de otra manera. Cada nueva pol\u00edtica educativa agrega algo. Pocas veces algo se quita. El resultado es un rol que ha crecido en todas las direcciones sin que nadie se haya hecho cargo de su forma total ni de lo que es humanamente sostenible pedirle a una sola persona que haga durante cuarenta horas semanales, durante d\u00e9cadas.<\/p>\n\n\n\n<p>El efecto sobre los estudiantes no es irrelevante y merece decirse. Un profesor que lleva meses en el l\u00edmite de su energ\u00eda no puede hacer por sus alumnos lo mismo que uno que tiene condiciones para ejercer bien su trabajo. No porque no quiera, sino porque la capacidad de atender a los dem\u00e1s \u2014de estar presente, de notar, de sostener\u2014 tiene un piso m\u00ednimo que depende del estado de quien atiende. Y en el fondo de todo esto hay tambi\u00e9n una pregunta que el sistema evita formularse con claridad: si lo que se les pide a los profesores fuera razonable, \u00bfseguir\u00edan tan pocos j\u00f3venes eligiendo esa carrera?<\/p>\n\n\n\n<p><strong>Dr. Jaime Faur\u00e9 Ni\u00f1oles,<\/strong> <strong>Doctor en Psicolog\u00eda de la Educaci\u00f3n.<\/strong> <strong> Investigador y acad\u00e9mico de Psicopedagog\u00eda UNAB.<\/strong><\/p>\n","protected":false},"excerpt":{"rendered":"<p>No estamos hablando de burnout. O no se trata solo de eso. <\/p>\n","protected":false},"author":1,"featured_media":34537,"comment_status":"closed","ping_status":"closed","sticky":false,"template":"","format":"standard","meta":{"footnotes":""},"categories":[3302,3,11,4396,7,4837],"tags":[2118,4739,337,273,247,133],"class_list":["post-34536","post","type-post","status-publish","format-standard","has-post-thumbnail","hentry","category-academia","category-al-dia","category-educacion","category-especialista","category-opinion","category-tema-pais","tag-semanariolocal","tag-dr-jaime-faure-ninoles","tag-informacion","tag-noticias","tag-region-de-los-lagos","tag-semanario-local"],"_links":{"self":[{"href":"https:\/\/www.semanariolocal.cl\/index.php?rest_route=\/wp\/v2\/posts\/34536","targetHints":{"allow":["GET"]}}],"collection":[{"href":"https:\/\/www.semanariolocal.cl\/index.php?rest_route=\/wp\/v2\/posts"}],"about":[{"href":"https:\/\/www.semanariolocal.cl\/index.php?rest_route=\/wp\/v2\/types\/post"}],"author":[{"embeddable":true,"href":"https:\/\/www.semanariolocal.cl\/index.php?rest_route=\/wp\/v2\/users\/1"}],"replies":[{"embeddable":true,"href":"https:\/\/www.semanariolocal.cl\/index.php?rest_route=%2Fwp%2Fv2%2Fcomments&post=34536"}],"version-history":[{"count":1,"href":"https:\/\/www.semanariolocal.cl\/index.php?rest_route=\/wp\/v2\/posts\/34536\/revisions"}],"predecessor-version":[{"id":34538,"href":"https:\/\/www.semanariolocal.cl\/index.php?rest_route=\/wp\/v2\/posts\/34536\/revisions\/34538"}],"wp:featuredmedia":[{"embeddable":true,"href":"https:\/\/www.semanariolocal.cl\/index.php?rest_route=\/wp\/v2\/media\/34537"}],"wp:attachment":[{"href":"https:\/\/www.semanariolocal.cl\/index.php?rest_route=%2Fwp%2Fv2%2Fmedia&parent=34536"}],"wp:term":[{"taxonomy":"category","embeddable":true,"href":"https:\/\/www.semanariolocal.cl\/index.php?rest_route=%2Fwp%2Fv2%2Fcategories&post=34536"},{"taxonomy":"post_tag","embeddable":true,"href":"https:\/\/www.semanariolocal.cl\/index.php?rest_route=%2Fwp%2Fv2%2Ftags&post=34536"}],"curies":[{"name":"wp","href":"https:\/\/api.w.org\/{rel}","templated":true}]}}