{"id":34533,"date":"2026-04-25T10:50:00","date_gmt":"2026-04-25T14:50:00","guid":{"rendered":"https:\/\/www.semanariolocal.cl\/?p=34533"},"modified":"2026-04-25T22:19:19","modified_gmt":"2026-04-26T02:19:19","slug":"entendiendo-la-depresion-bipolar","status":"publish","type":"post","link":"https:\/\/www.semanariolocal.cl\/?p=34533","title":{"rendered":"Entendiendo la Depresi\u00f3n Bipolar"},"content":{"rendered":"\n<p><strong><mark style=\"background-color:#abb8c3\" class=\"has-inline-color has-white-color\">25 de Abril del 2026.-<\/mark><\/strong> En Chile, afecta al menos al 2% de la poblaci\u00f3n adulta, siendo una de las principales causas de discapacidad seg\u00fan el Ministerio de Salud.<\/p>\n\n\n\n<p>\u00bfPor qu\u00e9 ocurre? No existe una causa \u00fanica. Se combinan factores gen\u00e9ticos con fuerte componente hereditario, desequilibrios qu\u00edmicos cerebrales y factores ambientales como el estr\u00e9s cr\u00f3nico o consumo de sustancias. El inicio suele presentarse antes de los 25 a\u00f1os.<\/p>\n\n\n\n<p>Los s\u00edntomas claves, por ejemplo, en la depresi\u00f3n, aparece tristeza persistente, p\u00e9rdida de inter\u00e9s y fatiga. En la man\u00eda, el paciente experimenta euforia excesiva, disminuci\u00f3n del sue\u00f1o, impulsividad y pensamientos acelerados. El trastorno bipolar I implica man\u00edas severas; el tipo II presenta hipoman\u00edas, menos intensas, con depresiones marcadas.<\/p>\n\n\n\n<p>El diagn\u00f3stico precoz es crucial, y el tratamiento combina medicamentos estabilizadores como litio con psicoterapia y apoyo familiar. La Gu\u00eda Cl\u00ednica AUGE garantiza acceso universal a estas terapias en el sistema p\u00fablico chileno.<\/p>\n\n\n\n<p>Con adherencia al tratamiento, las personas con depresi\u00f3n bipolar pueden desarrollar vidas plenas, mantener relaciones estables y desempe\u00f1arse profesionalmente. La clave est\u00e1 en reconocer los primeros signos y buscar ayuda especializada sin demora.<\/p>\n\n\n\n<p><strong>Juan Videla Alfaro<\/strong> &#8211; <strong>M\u00e1ster en Salud Mental, Facultad Enfermer\u00eda<\/strong> &#8211; <strong>Universidad Andr\u00e9s Bello<\/strong><\/p>\n","protected":false},"excerpt":{"rendered":"<p>La depresi\u00f3n bipolar es un trastorno del estado de \u00e1nimo que alterna entre episodios de profunda tristeza (depresi\u00f3n) y per\u00edodos de exaltaci\u00f3n extrema (man\u00eda o hipoman\u00eda). <\/p>\n","protected":false},"author":1,"featured_media":34534,"comment_status":"closed","ping_status":"closed","sticky":false,"template":"","format":"standard","meta":{"footnotes":""},"categories":[3302,11,4161,4603,3265,2484,4556,4395],"tags":[2118,2586,337,3474,273,247,2279,133],"class_list":["post-34533","post","type-post","status-publish","format-standard","has-post-thumbnail","hentry","category-academia","category-educacion","category-familia","category-medicina-y-salud","category-psicologia","category-salud","category-salud-mental","category-sociedad","tag-semanariolocal","tag-depresion","tag-informacion","tag-juan-videla-alfaro","tag-noticias","tag-region-de-los-lagos","tag-salud-mental","tag-semanario-local"],"_links":{"self":[{"href":"https:\/\/www.semanariolocal.cl\/index.php?rest_route=\/wp\/v2\/posts\/34533","targetHints":{"allow":["GET"]}}],"collection":[{"href":"https:\/\/www.semanariolocal.cl\/index.php?rest_route=\/wp\/v2\/posts"}],"about":[{"href":"https:\/\/www.semanariolocal.cl\/index.php?rest_route=\/wp\/v2\/types\/post"}],"author":[{"embeddable":true,"href":"https:\/\/www.semanariolocal.cl\/index.php?rest_route=\/wp\/v2\/users\/1"}],"replies":[{"embeddable":true,"href":"https:\/\/www.semanariolocal.cl\/index.php?rest_route=%2Fwp%2Fv2%2Fcomments&post=34533"}],"version-history":[{"count":1,"href":"https:\/\/www.semanariolocal.cl\/index.php?rest_route=\/wp\/v2\/posts\/34533\/revisions"}],"predecessor-version":[{"id":34535,"href":"https:\/\/www.semanariolocal.cl\/index.php?rest_route=\/wp\/v2\/posts\/34533\/revisions\/34535"}],"wp:featuredmedia":[{"embeddable":true,"href":"https:\/\/www.semanariolocal.cl\/index.php?rest_route=\/wp\/v2\/media\/34534"}],"wp:attachment":[{"href":"https:\/\/www.semanariolocal.cl\/index.php?rest_route=%2Fwp%2Fv2%2Fmedia&parent=34533"}],"wp:term":[{"taxonomy":"category","embeddable":true,"href":"https:\/\/www.semanariolocal.cl\/index.php?rest_route=%2Fwp%2Fv2%2Fcategories&post=34533"},{"taxonomy":"post_tag","embeddable":true,"href":"https:\/\/www.semanariolocal.cl\/index.php?rest_route=%2Fwp%2Fv2%2Ftags&post=34533"}],"curies":[{"name":"wp","href":"https:\/\/api.w.org\/{rel}","templated":true}]}}