{"id":34529,"date":"2026-04-25T11:00:00","date_gmt":"2026-04-25T15:00:00","guid":{"rendered":"https:\/\/www.semanariolocal.cl\/?p=34529"},"modified":"2026-04-25T22:10:43","modified_gmt":"2026-04-26T02:10:43","slug":"la-autoridad-del-profesor-se-perdio-en-casa","status":"publish","type":"post","link":"https:\/\/www.semanariolocal.cl\/?p=34529","title":{"rendered":"La autoridad del profesor se perdi\u00f3 en casa"},"content":{"rendered":"\n<p><strong><mark style=\"background-color:#abb8c3\" class=\"has-inline-color has-white-color\">25 de Abril del 2026.- <\/mark><\/strong> Un ni\u00f1o que llega del colegio y comenta una mala nota. Una madre que responde r\u00e1pido, casi por reflejo: \u201calgo hizo mal el profesor\u201d. Un padre que agrega: \u201cno puede ser tan dif\u00edcil, seguro exagera\u201d. La conversaci\u00f3n sigue, pero algo ya cambi\u00f3. Sin darnos cuenta, en ese instante \u00edntimo y cotidiano, la autoridad del docente se ha debilitado. Y con ella, tambi\u00e9n, una parte esencial de la educaci\u00f3n.<\/p>\n\n\n\n<p>Lo que hoy vemos en las escuelas \u2014tensi\u00f3n, desconfianza, conflictos\u2014 no nace \u00fanicamente en la sala de clases. Se gesta mucho antes, en esos peque\u00f1os gestos donde la familia deja de sostener a quien educa. No es un fen\u00f3meno estridente; es silencioso, persistente, casi invisible. Pero sus efectos son profundos. Porque cuando un estudiante deja de reconocer en su profesor a un referente v\u00e1lido, la ense\u00f1anza pierde suelo y la convivencia se vuelve fr\u00e1gil.<\/p>\n\n\n\n<p>Hemos insistido en buscar soluciones dentro del sistema: m\u00e1s normas, m\u00e1s protocolos, m\u00e1s control. Pero seguimos evitando una verdad inc\u00f3moda. La crisis que vive la escuela chilena no es solo institucional, es cultural. Es una crisis de reconocimiento. Hemos dejado de transmitir, desde el hogar, que el profesor no es un adversario ni un evaluador distante, sino alguien que \u2014con aciertos y errores\u2014 trabaja cada d\u00eda para formar personas capaces de vivir, decidir y convivir en sociedad.<\/p>\n\n\n\n<p>La evidencia internacional es clara. Los sistemas educativos que logran sostener aprendizajes significativos y climas escolares saludables no son los que controlan m\u00e1s, sino los que construyen confianza entre familia y escuela (OCDE, 2019). Del mismo modo, el respeto hacia el profesorado no es un gesto simb\u00f3lico, sino una condici\u00f3n estructural para que el aprendizaje ocurra (UNESCO, 2023). Sin ese reconocimiento, toda pol\u00edtica educativa queda suspendida en el aire.<\/p>\n\n\n\n<p>En Chile, sin embargo, hemos comenzado a normalizar lo contrario. Cuestionamos antes de comprender. Reaccionamos antes de dialogar. Y, en ese tr\u00e1nsito, olvidamos algo esencial: que cada decisi\u00f3n pedag\u00f3gica \u2014incluso una mala evaluaci\u00f3n\u2014 no busca castigar, sino orientar, formar h\u00e1bitos, exigir esfuerzo. Cuando esa intenci\u00f3n se deslegitima frente a los hijos, el mensaje es devastador: la palabra del profesor vale poco.<\/p>\n\n\n\n<p>El propio Ministerio de Educaci\u00f3n de Chile ha insistido en que la formaci\u00f3n integral requiere una alianza real entre familia y escuela (Ministerio de Educaci\u00f3n de Chile, 2023). Pero esa alianza no se firma en documentos ni se agota en reuniones. Se construye en lo cotidiano: en respaldar una indicaci\u00f3n, en reforzar un h\u00e1bito de estudio, en ense\u00f1ar que el respeto no es negociable.<\/p>\n\n\n\n<p>No se trata de volver a una autoridad incuestionable ni de negar que existan errores en la escuela. Se trata de algo m\u00e1s profundo: comprender que cuando la cr\u00edtica se transforma en descalificaci\u00f3n, no solo se da\u00f1a al profesor, se deja solo al estudiante, sin referentes claros, sin l\u00edmites que orienten, sin adultos que hablen el mismo lenguaje formativo.<\/p>\n\n\n\n<p>Tal vez por eso la crisis actual duele tanto. Porque no es solo una crisis de la escuela. Es una se\u00f1al de que, como sociedad, hemos comenzado a soltar la mano de quienes educan.<\/p>\n\n\n\n<p>Y sin embargo, la esperanza sigue estando en lo m\u00e1s simple. En esa conversaci\u00f3n en casa que puede cambiarlo todo. En ese momento en que, en lugar de desautorizar, decidimos confiar. En ese gesto silencioso en que un padre o una madre le dice a su hijo: \u201cescucha a tu profesor, porque en \u00e9l hay alguien que quiere ayudarte a ser mejor\u201d.<\/p>\n\n\n\n<p>Ah\u00ed, en ese acto m\u00ednimo y profundo, comienza a reconstruirse lo que hoy tanto necesitamos: una escuela que no est\u00e9 sola, y una sociedad que vuelva a entender que educar es, siempre, una tarea compartida.<\/p>\n\n\n\n<p><strong>Dr. Juan Pablo Catal\u00e1n \u2013 Doctor en Educaci\u00f3n \u2013 Acad\u00e9mico e investigador<\/strong><\/p>\n","protected":false},"excerpt":{"rendered":"<p>Hay escenas que pasan desapercibidas, pero que dicen mucho m\u00e1s de lo que creemos. <\/p>\n","protected":false},"author":1,"featured_media":34530,"comment_status":"closed","ping_status":"closed","sticky":false,"template":"","format":"standard","meta":{"footnotes":""},"categories":[3,11,4396,7],"tags":[2118,4875,337,273,247,133],"class_list":["post-34529","post","type-post","status-publish","format-standard","has-post-thumbnail","hentry","category-al-dia","category-educacion","category-especialista","category-opinion","tag-semanariolocal","tag-dr-juan-pablo-catalan","tag-informacion","tag-noticias","tag-region-de-los-lagos","tag-semanario-local"],"_links":{"self":[{"href":"https:\/\/www.semanariolocal.cl\/index.php?rest_route=\/wp\/v2\/posts\/34529","targetHints":{"allow":["GET"]}}],"collection":[{"href":"https:\/\/www.semanariolocal.cl\/index.php?rest_route=\/wp\/v2\/posts"}],"about":[{"href":"https:\/\/www.semanariolocal.cl\/index.php?rest_route=\/wp\/v2\/types\/post"}],"author":[{"embeddable":true,"href":"https:\/\/www.semanariolocal.cl\/index.php?rest_route=\/wp\/v2\/users\/1"}],"replies":[{"embeddable":true,"href":"https:\/\/www.semanariolocal.cl\/index.php?rest_route=%2Fwp%2Fv2%2Fcomments&post=34529"}],"version-history":[{"count":2,"href":"https:\/\/www.semanariolocal.cl\/index.php?rest_route=\/wp\/v2\/posts\/34529\/revisions"}],"predecessor-version":[{"id":34532,"href":"https:\/\/www.semanariolocal.cl\/index.php?rest_route=\/wp\/v2\/posts\/34529\/revisions\/34532"}],"wp:featuredmedia":[{"embeddable":true,"href":"https:\/\/www.semanariolocal.cl\/index.php?rest_route=\/wp\/v2\/media\/34530"}],"wp:attachment":[{"href":"https:\/\/www.semanariolocal.cl\/index.php?rest_route=%2Fwp%2Fv2%2Fmedia&parent=34529"}],"wp:term":[{"taxonomy":"category","embeddable":true,"href":"https:\/\/www.semanariolocal.cl\/index.php?rest_route=%2Fwp%2Fv2%2Fcategories&post=34529"},{"taxonomy":"post_tag","embeddable":true,"href":"https:\/\/www.semanariolocal.cl\/index.php?rest_route=%2Fwp%2Fv2%2Ftags&post=34529"}],"curies":[{"name":"wp","href":"https:\/\/api.w.org\/{rel}","templated":true}]}}