{"id":34526,"date":"2026-04-25T11:15:00","date_gmt":"2026-04-25T15:15:00","guid":{"rendered":"https:\/\/www.semanariolocal.cl\/?p=34526"},"modified":"2026-04-25T22:02:30","modified_gmt":"2026-04-26T02:02:30","slug":"artemis-ii-y-el-nuevo-impulso-de-la-exploracion-lunar","status":"publish","type":"post","link":"https:\/\/www.semanariolocal.cl\/?p=34526","title":{"rendered":"Artemis II y el nuevo impulso de la exploraci\u00f3n lunar"},"content":{"rendered":"\n<p><strong><mark style=\"background-color:#abb8c3\" class=\"has-inline-color has-white-color\">25 de Abril del 2026.- <\/mark><\/strong>Lo que antes fue una carrera espacial entre dos potencias militares tras la Segunda Guerra Mundial, hoy es el punto de partida de una nueva era donde el ser humano volver\u00e1 a sentir su grandeza tecnol\u00f3gica pero, al mismo tiempo, su peque\u00f1ez. Al mirar hacia atr\u00e1s, volvemos a ver nuestro hogar como aquel \u00abpunto azul p\u00e1lido\u00bb (en palabras de Carl Sagan); nuestro planeta Tierra inmerso en un universo infinito, oscuro y fr\u00edo.<\/p>\n\n\n\n<p>El pasado 1 de abril de 2026, despeg\u00f3 del Kennedy Space Center la tripulaci\u00f3n de la misi\u00f3n Artemis II con cuatro astronautas a bordo, incluyendo a la primera mujer en una misi\u00f3n lunar, Christina Koch, con el objetivo de aproximarse a la Luna. Despu\u00e9s de 53 a\u00f1os, la presencia humana en la vecindad lunar marca el fin de la nostalgia y el inicio de una nueva campa\u00f1a para la exploraci\u00f3n e instalaci\u00f3n humana paulatina de bases lunares permanentes. Estos futuros asentamientos funcionar\u00e1n como puntos de escala hacia el Sistema Solar profundo, con la mirada puesta, particularmente, en la llegada del ser humano a Marte.<\/p>\n\n\n\n<p>Esta misi\u00f3n de la NASA, junto con las misiones Chang&#8217;e de China para la exploraci\u00f3n del suelo lunar, marcan un hito sin precedentes tanto para el entendimiento de la formaci\u00f3n de nuestro sistema solar como para dise\u00f1ar estrategias de conquista del espacio profundo. Artemis II tuvo como objetivo poner a prueba nuevas tecnolog\u00edas de cohetes espaciales y sistemas de supervivencia que a mediano plazo se traducir\u00e1n en una transferencia tecnol\u00f3gica para la vida cotidiana en la Tierra.<\/p>\n\n\n\n<p>En este contexto es de vital relevancia poner sobre la mesa que no solamente debemos pensar en nuevos futuros hogares humanos, sino en el cuidado del \u00fanico planeta conocido que alberga vida org\u00e1nica. Actualmente, la vida terrestre experimenta diversos cambios que ponen en riesgo la existencia humana tal como la conocemos, debido al cambio clim\u00e1tico provocado por nosotros mismos, la proliferaci\u00f3n de conflictos b\u00e9licos y un sistema econ\u00f3mico global depredador que explota los recursos naturales sin conciencia. Es por esto que debemos ver en las futuras misiones Artemis no solo un logro tecnol\u00f3gico, sino el inicio de una b\u00fasqueda incansable por la supervivencia del ser humano en el Universo.<\/p>\n\n\n\n<p>La nueva conquista lunar nos ense\u00f1a que la verdadera haza\u00f1a no es solo llegar a la vecindad del Sistema Solar, sino volvernos conscientes de c\u00f3mo protegemos nuestro fr\u00e1gil hogar. El espacio ya no solo es \u00abla \u00faltima frontera\u00bb (como nos dec\u00eda la serie <em>Star Trek<\/em>), sino el recordatorio de que nuestro futuro depende de la responsabilidad colectiva con la que cuidemos este peque\u00f1o punto azul p\u00e1lido. El universo puede ser infinito, pero nuestro planeta es peque\u00f1o y su entorno, hostil para nuestra fragilidad humana.<\/p>\n\n\n\n<p><strong>Dr. Juan Maga\u00f1a Zapata &#8211; \u00a0Doctor y Mag\u00edster en Ciencias (Astronom\u00eda) \u00a0Director y acad\u00e9mico de Astronom\u00eda U.Central Regi\u00f3n de Coquimbo<\/strong><\/p>\n","protected":false},"excerpt":{"rendered":"<p>La humanidad ha vuelto a reclamar su lugar en el Sistema Solar. Nuevamente nos hemos embarcado en una haza\u00f1a tit\u00e1nica, la reconquista de nuestro sat\u00e9lite natural: la Luna. <\/p>\n","protected":false},"author":1,"featured_media":34527,"comment_status":"closed","ping_status":"closed","sticky":false,"template":"","format":"standard","meta":{"footnotes":""},"categories":[3302,3,11,2890,7],"tags":[2118,337,273,247,133,4762],"class_list":["post-34526","post","type-post","status-publish","format-standard","has-post-thumbnail","hentry","category-academia","category-al-dia","category-educacion","category-internacional","category-opinion","tag-semanariolocal","tag-informacion","tag-noticias","tag-region-de-los-lagos","tag-semanario-local","tag-universidad-central-de-chile"],"_links":{"self":[{"href":"https:\/\/www.semanariolocal.cl\/index.php?rest_route=\/wp\/v2\/posts\/34526","targetHints":{"allow":["GET"]}}],"collection":[{"href":"https:\/\/www.semanariolocal.cl\/index.php?rest_route=\/wp\/v2\/posts"}],"about":[{"href":"https:\/\/www.semanariolocal.cl\/index.php?rest_route=\/wp\/v2\/types\/post"}],"author":[{"embeddable":true,"href":"https:\/\/www.semanariolocal.cl\/index.php?rest_route=\/wp\/v2\/users\/1"}],"replies":[{"embeddable":true,"href":"https:\/\/www.semanariolocal.cl\/index.php?rest_route=%2Fwp%2Fv2%2Fcomments&post=34526"}],"version-history":[{"count":1,"href":"https:\/\/www.semanariolocal.cl\/index.php?rest_route=\/wp\/v2\/posts\/34526\/revisions"}],"predecessor-version":[{"id":34528,"href":"https:\/\/www.semanariolocal.cl\/index.php?rest_route=\/wp\/v2\/posts\/34526\/revisions\/34528"}],"wp:featuredmedia":[{"embeddable":true,"href":"https:\/\/www.semanariolocal.cl\/index.php?rest_route=\/wp\/v2\/media\/34527"}],"wp:attachment":[{"href":"https:\/\/www.semanariolocal.cl\/index.php?rest_route=%2Fwp%2Fv2%2Fmedia&parent=34526"}],"wp:term":[{"taxonomy":"category","embeddable":true,"href":"https:\/\/www.semanariolocal.cl\/index.php?rest_route=%2Fwp%2Fv2%2Fcategories&post=34526"},{"taxonomy":"post_tag","embeddable":true,"href":"https:\/\/www.semanariolocal.cl\/index.php?rest_route=%2Fwp%2Fv2%2Ftags&post=34526"}],"curies":[{"name":"wp","href":"https:\/\/api.w.org\/{rel}","templated":true}]}}