{"id":34520,"date":"2026-04-24T07:15:00","date_gmt":"2026-04-24T11:15:00","guid":{"rendered":"https:\/\/www.semanariolocal.cl\/?p=34520"},"modified":"2026-04-25T00:11:53","modified_gmt":"2026-04-25T04:11:53","slug":"discernimiento-e-inteligencia-artificial","status":"publish","type":"post","link":"https:\/\/www.semanariolocal.cl\/?p=34520","title":{"rendered":"Discernimiento e Inteligencia Artificial"},"content":{"rendered":"\n<p><strong><mark style=\"background-color:#abb8c3\" class=\"has-inline-color has-white-color\">24 de Abril del 2026.- <\/mark><\/strong>Independientemente de que tenga asociada una percepci\u00f3n positiva o negativa, una reciente encuesta Cadem revela una realidad inquietante: el 69% de los chilenos ya utiliza Inteligencia Artificial y casi un tercio le conf\u00eda incluso sus problemas personales. Esta adopci\u00f3n masiva, aunque innovadora, esconde una vulnerabilidad peligrosa: una confianza ciega que parece haber anestesiado nuestro pensamiento cr\u00edtico.<\/p>\n\n\n\n<p>Estamos viviendo una \u00e9poca similar a la&nbsp;que vivimos hace una d\u00e9cada con Wikipedia o YouTube. En aquel entonces, la facilidad de acceso a la informaci\u00f3n llev\u00f3 a una cantidad de estudiantes no despreciable a citar estas plataformas como fuentes de verdad absoluta, ignorando que su naturaleza p\u00fablica permit\u00eda que cualquier usuario sin credenciales acad\u00e9micas o sin conocimiento disciplinar validado, pudiera aportar a la desinformaci\u00f3n en torno a cierta \u00e1rea, siempre que finalmente cuente con la validaci\u00f3n popular de la comunidad.<\/p>\n\n\n\n<p>Alineado con lo anterior, ya no solamente es f\u00e1cil acceder a informaci\u00f3n global sino tambi\u00e9n es f\u00e1cil pedirle a un programa que sintetice cierto volumen de informaci\u00f3n. Entonces, si antes era c\u00f3modo confiar en que toda informaci\u00f3n p\u00fablica en internet era confiable, hoy vemos que dicha comodidad ha evolucionado en confiar que estos modelos pueden razonar al procesar la informaci\u00f3n correspondiente. Sin embargo, estos modelos no \u00absaben\u00bb, sino que calculan probabilidades estad\u00edsticas basadas en datos masivos que, al igual que los hilos de un foro o las entradas de un wiki, son susceptibles de sesgos, errores o incluso manipulaciones.<\/p>\n\n\n\n<p>Es importante, entonces, no delegar nuestra capacidad de discernimiento a una \u00abcaja negra\u00bb que priorice la verosimilitud sobre la veracidad. La tecnolog\u00eda avanza con gran aceleraci\u00f3n, pero es vital que no nos quedemos estancados en el \u00abcopiar y pegar\u00bb y recuperar la educaci\u00f3n en el escepticismo o fomentar el pensamiento cr\u00edtico, antes de que el or\u00e1culo digital nos deje sin criterio propio.<\/p>\n\n\n\n<p><strong>Miguel Sol\u00eds \u2013 Director Ingenier\u00eda en Automatizaci\u00f3n y Rob\u00f3tica U. Andr\u00e9s Bello<\/strong><\/p>\n","protected":false},"excerpt":{"rendered":"<p>Hoy estamos viviendo una \u00e9poca similar a la\u00a0que vivimos hace una d\u00e9cada con Wikipedia o YouTube. <\/p>\n","protected":false},"author":1,"featured_media":34521,"comment_status":"closed","ping_status":"closed","sticky":false,"template":"","format":"standard","meta":{"footnotes":""},"categories":[4383,2540,11,2514],"tags":[2118,337,4960,273,247,133],"class_list":["post-34520","post","type-post","status-publish","format-standard","has-post-thumbnail","hentry","category-capacitacion-y-formacion","category-ciencia","category-educacion","category-tecnologia","tag-semanariolocal","tag-informacion","tag-miguel-solis-2","tag-noticias","tag-region-de-los-lagos","tag-semanario-local"],"_links":{"self":[{"href":"https:\/\/www.semanariolocal.cl\/index.php?rest_route=\/wp\/v2\/posts\/34520","targetHints":{"allow":["GET"]}}],"collection":[{"href":"https:\/\/www.semanariolocal.cl\/index.php?rest_route=\/wp\/v2\/posts"}],"about":[{"href":"https:\/\/www.semanariolocal.cl\/index.php?rest_route=\/wp\/v2\/types\/post"}],"author":[{"embeddable":true,"href":"https:\/\/www.semanariolocal.cl\/index.php?rest_route=\/wp\/v2\/users\/1"}],"replies":[{"embeddable":true,"href":"https:\/\/www.semanariolocal.cl\/index.php?rest_route=%2Fwp%2Fv2%2Fcomments&post=34520"}],"version-history":[{"count":1,"href":"https:\/\/www.semanariolocal.cl\/index.php?rest_route=\/wp\/v2\/posts\/34520\/revisions"}],"predecessor-version":[{"id":34522,"href":"https:\/\/www.semanariolocal.cl\/index.php?rest_route=\/wp\/v2\/posts\/34520\/revisions\/34522"}],"wp:featuredmedia":[{"embeddable":true,"href":"https:\/\/www.semanariolocal.cl\/index.php?rest_route=\/wp\/v2\/media\/34521"}],"wp:attachment":[{"href":"https:\/\/www.semanariolocal.cl\/index.php?rest_route=%2Fwp%2Fv2%2Fmedia&parent=34520"}],"wp:term":[{"taxonomy":"category","embeddable":true,"href":"https:\/\/www.semanariolocal.cl\/index.php?rest_route=%2Fwp%2Fv2%2Fcategories&post=34520"},{"taxonomy":"post_tag","embeddable":true,"href":"https:\/\/www.semanariolocal.cl\/index.php?rest_route=%2Fwp%2Fv2%2Ftags&post=34520"}],"curies":[{"name":"wp","href":"https:\/\/api.w.org\/{rel}","templated":true}]}}