{"id":34514,"date":"2026-04-24T19:50:00","date_gmt":"2026-04-24T23:50:00","guid":{"rendered":"https:\/\/www.semanariolocal.cl\/?p=34514"},"modified":"2026-04-24T23:52:58","modified_gmt":"2026-04-25T03:52:58","slug":"casarse-divorciarse-o-callar-como-las-politicas-sociales-empujan-a-falsear-la-realidad","status":"publish","type":"post","link":"https:\/\/www.semanariolocal.cl\/?p=34514","title":{"rendered":"Casarse, divorciarse o callar: c\u00f3mo las pol\u00edticas sociales empujan a falsear la realidad"},"content":{"rendered":"\n<p><strong><mark style=\"background-color:#abb8c3\" class=\"has-inline-color has-white-color\">24 de abril del 2026.- <\/mark><\/strong> En este contexto, surge una pregunta inc\u00f3moda: \u00bfEs real que en Chile prima el dicho \u201checha la ley, hecha la trampa\u201d? \u00bfRealmente debemos deshacernos de quienes somos y c\u00f3mo somos para poder obtener beneficios estatales? \u00bfQu\u00e9 hay, entonces, en la base de esta conducta? \u00bfQu\u00e9 es lo que no estamos viendo?<\/p>\n\n\n\n<p>Se observa, por ejemplo, que muchas parejas deciden no casarse o no formalizar v\u00ednculos para mantener el estatus de \u201cmadre soltera\u201d u \u201chogar unipersonal\u201d. De este modo, se ubican en una categor\u00eda que les permite obtener ciertos puntajes que los favorecen para acceder a determinadas garant\u00edas, y ello tambi\u00e9n se traduce en beneficios para sus hijos e hijas. Pero ello no significa necesariamente que el hogar tenga esas caracter\u00edsticas en la vida real; por el contrario, muchas veces tiene otra configuraci\u00f3n, que, de ser revelada, implica el riesgo de perder esas garant\u00edas. Esta pr\u00e1ctica se cronifica a\u00fan m\u00e1s cuando incluso un profesional del \u00e1rea social recomienda no dar cuenta de la realidad, por temor a la p\u00e9rdida de beneficios. Como resultado, la tasa de matrimonios formales baja, pero no necesariamente por razones ideol\u00f3gicas ni por rechazo a la instituci\u00f3n, sino por incentivos que median entre la formalidad y la supervivencia. Sin embargo, a partir de estos mismos datos se toman decisiones de pol\u00edtica, y as\u00ed nos seguimos enga\u00f1ando entre s\u00ed.<\/p>\n\n\n\n<p>Asimismo, se registran casos en los que algunas personas se divorcian sin asumir responsabilidades econ\u00f3micas efectivas, evitan pagar la pensi\u00f3n de alimentos y, de este modo, acceden a fondos de AFP que se distribuyen y utilizan dentro de una familia que, en la pr\u00e1ctica, sigue funcionando como tal, aunque aparentemente est\u00e9 divorciada. Tambi\u00e9n existen quienes transfieren sus bienes a familiares o amigos para bajar el puntaje o el patrimonio declarado; o bien ocultan ingresos complementarios \u2014trabajo freelance, rentas de vivienda\u2014 en el Registro Social de Hogares o en otros formularios de postulaci\u00f3n.<\/p>\n\n\n\n<p>El esfuerzo del Estado, expresado en el dise\u00f1o e implementaci\u00f3n de pol\u00edticas sociales que proveen bienes y servicios a personas sin capacidad econ\u00f3mica para acceder a ellos, no deber\u00eda implicar que la informaci\u00f3n necesaria para acceder a dichos beneficios se construya a trav\u00e9s de la omisi\u00f3n o el falseo de datos. Si esto ocurre, es evidente que algo no se est\u00e1 dise\u00f1ando ni implementando correctamente, y que, en consecuencia, los beneficios dejan de llegar a quienes realmente los necesitan. Desde all\u00ed resulta imperativo comenzar a visualizar lo que est\u00e1 por debajo de esta l\u00f3gica: una gran brecha entre el dise\u00f1o de las pol\u00edticas y la lectura reflexiva de la realidad social. No se est\u00e1 considerando adecuadamente el entramado social, su contexto ni la diversidad de configuraciones familiares. Por eso, el acceso a beneficios termina estando condicionado a una determinada tipolog\u00eda familiar, en vez de a la complejidad de variables que permitir\u00edan un acceso m\u00e1s justo e inclusivo.<\/p>\n\n\n\n<p>Es por lo que se hace necesario migrar de un modelo que vigila y fiscaliza el dato hacia otro que redise\u00f1e pol\u00edticas con foco en la diversidad. Se trata de flexibilizar, no de rigidizar los sistemas, de manera de recuperar la confianza de las personas en la gesti\u00f3n de programas y proyectos sociales. La verificaci\u00f3n del dato no puede dejarse de lado, pero debe ir acompa\u00f1ada de la invitaci\u00f3n a la estabilidad y la corresponsabilidad de la persona y la familia, no a la negaci\u00f3n rec\u00edproca. Es decir, se debe acompa\u00f1ar a las familias en sus procesos, ajustar las reglas seg\u00fan la realidad cambiante y no castigarlas por no encajar en moldes obsoletos.<\/p>\n\n\n\n<p>La vida no es blanca ni negra, existen matices, grises y tonalidades. Esa gama de colores tambi\u00e9n deber\u00eda ser visible en el acceso a beneficios sociales, m\u00e1s all\u00e1 de categor\u00edas r\u00edgidas como \u201csoltero\/a\u201d, \u201ccasado\/a\u201d o \u201cdivorciado\/a\u201d. No se trata de sostener que todos hacemos trampa, sino de reconocer que muchas personas se ven empujadas a tomar decisiones que, en el plano formal, distorsionan la verdad, con el fin de asegurar una mejor calidad de vida que, por s\u00ed misma, no podr\u00edan alcanzar.<\/p>\n\n\n\n<p><strong>Carmen Lamilla Almuna, Directora de Trabajo Social Advance de la UNAB,<\/strong><\/p>\n","protected":false},"excerpt":{"rendered":"<p>En distintos entornos sociales, rurales y urbanos, se escucha con frecuencia la especulaci\u00f3n de que, para acceder a beneficios sociales, es necesario mentir o falsear datos; de lo contrario, sencillamente \u201cno se accede a nada\u201d o se pierden las garant\u00edas. <\/p>\n","protected":false},"author":1,"featured_media":34515,"comment_status":"closed","ping_status":"closed","sticky":false,"template":"","format":"standard","meta":{"footnotes":""},"categories":[4397,4161,4838,4480,4395,4793],"tags":[2118,4944,337,273,132,247,133],"class_list":["post-34514","post","type-post","status-publish","format-standard","has-post-thumbnail","hentry","category-derecho","category-familia","category-justicia","category-legal-y-judicial","category-sociedad","category-tribunales","tag-semanariolocal","tag-carmen-lamilla-almuna","tag-informacion","tag-noticias","tag-osorno","tag-region-de-los-lagos","tag-semanario-local"],"_links":{"self":[{"href":"https:\/\/www.semanariolocal.cl\/index.php?rest_route=\/wp\/v2\/posts\/34514","targetHints":{"allow":["GET"]}}],"collection":[{"href":"https:\/\/www.semanariolocal.cl\/index.php?rest_route=\/wp\/v2\/posts"}],"about":[{"href":"https:\/\/www.semanariolocal.cl\/index.php?rest_route=\/wp\/v2\/types\/post"}],"author":[{"embeddable":true,"href":"https:\/\/www.semanariolocal.cl\/index.php?rest_route=\/wp\/v2\/users\/1"}],"replies":[{"embeddable":true,"href":"https:\/\/www.semanariolocal.cl\/index.php?rest_route=%2Fwp%2Fv2%2Fcomments&post=34514"}],"version-history":[{"count":1,"href":"https:\/\/www.semanariolocal.cl\/index.php?rest_route=\/wp\/v2\/posts\/34514\/revisions"}],"predecessor-version":[{"id":34516,"href":"https:\/\/www.semanariolocal.cl\/index.php?rest_route=\/wp\/v2\/posts\/34514\/revisions\/34516"}],"wp:featuredmedia":[{"embeddable":true,"href":"https:\/\/www.semanariolocal.cl\/index.php?rest_route=\/wp\/v2\/media\/34515"}],"wp:attachment":[{"href":"https:\/\/www.semanariolocal.cl\/index.php?rest_route=%2Fwp%2Fv2%2Fmedia&parent=34514"}],"wp:term":[{"taxonomy":"category","embeddable":true,"href":"https:\/\/www.semanariolocal.cl\/index.php?rest_route=%2Fwp%2Fv2%2Fcategories&post=34514"},{"taxonomy":"post_tag","embeddable":true,"href":"https:\/\/www.semanariolocal.cl\/index.php?rest_route=%2Fwp%2Fv2%2Ftags&post=34514"}],"curies":[{"name":"wp","href":"https:\/\/api.w.org\/{rel}","templated":true}]}}