{"id":34510,"date":"2026-04-24T20:10:00","date_gmt":"2026-04-25T00:10:00","guid":{"rendered":"https:\/\/www.semanariolocal.cl\/?p=34510"},"modified":"2026-04-24T23:42:55","modified_gmt":"2026-04-25T03:42:55","slug":"global-cherry-summit-2026-reune-a-la-industria-de-la-cereza-para-analizar-la-temporada","status":"publish","type":"post","link":"https:\/\/www.semanariolocal.cl\/?p=34510","title":{"rendered":"Global Cherry Summit 2026 re\u00fane a la industria de la cereza para analizar la temporada"},"content":{"rendered":"\n<p><strong><mark style=\"background-color:#abb8c3\" class=\"has-inline-color has-white-color\">24 de Abril del 2026.-<\/mark><\/strong> El Comit\u00e9 de Cerezas de Frutas de Chile y Grupo Yentzen ayer llevaron a cabo la s\u00e9ptima edici\u00f3n del Global Cherry Summit 2026, el encuentro m\u00e1s relevante de la industria de la cereza a nivel mundial, que convoc\u00f3 a cerca de 2 mil personas entre productores, exportadores, retailers e importadores en el Monticello Grand Casino. El objetivo fue analizar en profundidad la temporada 2025-26 y trazar los lineamientos estrat\u00e9gicos que guiar\u00e1n al sector en los pr\u00f3ximos a\u00f1os, en un momento en que la industria enfrenta desaf\u00edos cruciales para definir su futuro y potenciar la calidad.<\/p>\n\n\n\n<p>Chile es el mayor exportador de cerezas del mundo y, en la \u00faltima temporada, despach\u00f3 113,8 millones de cajas, con China como principal destino. Una cifra alineada a las proyecciones iniciales elaboradas por el Comit\u00e9 de Cerezas, que se despleg\u00f3 en una econom\u00eda china m\u00e1s desafiada y con un consumidor m\u00e1s exigente, que privilegia por sobre todo la calidad de la fruta.<\/p>\n\n\n\n<p>\u201cChile tiene una ventaja importante en el comercio internacional, pero no podemos concentrarnos en un solo mercado. Es clave avanzar en diversificaci\u00f3n y mirar nuevas oportunidades, entendiendo que el mundo es cada vez m\u00e1s amplio y exigente. Como Estado, nuestro rol es acompa\u00f1ar este proceso, generando condiciones, orientando y apoyando al sector privado para que pueda desarrollarse de la mejor manera posible\u201d, coment\u00f3 el ministro de Agricultura, Jaime Campos.<\/p>\n\n\n\n<p>El presidente de Frutas de Chile, Iv\u00e1n Marambio, subray\u00f3 la dimensi\u00f3n estrat\u00e9gica del sector para el pa\u00eds. \u00abLa fruticultura es el principal sector exportador no cobre de Chile, con ventas al exterior que superan los US$ 8 mil millones anuales, y las cerezas concentran un rol fundamental en ese resultado. Debemos seguir trabajando unidos para potenciar una fruta que ha dado grandes beneficios a la econom\u00eda pa\u00eds, generaci\u00f3n de empleo y desarrollo regional en las principales zonas productoras. Las cerezas son embajadoras de la marca Chile en el mundo y por lo mismo, deben ser motivo de orgullo nacional\u00bb, dijo.<\/p>\n\n\n\n<p>Por su parte, la directora ejecutiva del Comit\u00e9 de Cerezas, Claudia Soler, present\u00f3 el an\u00e1lisis oficial de la temporada, una de las m\u00e1s desafiantes de los \u00faltimos a\u00f1os. \u00abLa industria est\u00e1 entrando en una etapa de mayor madurez, con vol\u00famenes m\u00e1s altos y mercados m\u00e1s competitivos. El desaf\u00edo hacia adelante es sostener el valor de la cereza chilena privilegiando por sobre todo la calidad y profundizando la diversificaci\u00f3n de mercados, manteniendo a China en un lugar central. Solo as\u00ed podremos mantener el posicionamiento premium que nos distingue en el largo plazo\u00bb, se\u00f1al\u00f3 Soler.&nbsp;<\/p>\n\n\n\n<p>La \u00faltima temporada mostr\u00f3 avances concretos en diversificaci\u00f3n: China concentr\u00f3 el 87% de los env\u00edos, porcentaje que baj\u00f3 desde el 92% registrado el a\u00f1o anterior, reflejando una apertura gradual hacia otros destinos como Estados Unidos, Corea del Sur y mercados emergentes, todos con presencia destacada en el programa del evento.<\/p>\n\n\n\n<p>\u201cEstamos orgullosos de ver c\u00f3mo el Global Cherry Summit ha crecido y se ha transformado en el punto de encuentro donde la industria de la cereza se re\u00fane, analiza la temporada que concluy\u00f3 y plantea las estrategias para el futuro\u201d, coment\u00f3 Gustavo Yentzen, de Yentzen Group.<\/p>\n\n\n\n<p><strong>Aprendizajes de una temporada desafiante<\/strong><\/p>\n\n\n\n<p>El programa abri\u00f3 con el destacado economista y acad\u00e9mico de la Universidad Adolfo Ib\u00e1\u00f1ez, Raphael Bergoeing, quien realiz\u00f3 un an\u00e1lisis macroecon\u00f3mico y su impacto en el sector, adem\u00e1s de poner foco en la calidad de la fruta y la productividad de la industria. Por su parte, Claudio Vial, de Ranco Cherries, revis\u00f3 las cifras de exportaci\u00f3n del hemisferio sur y los escenarios futuros, con una mirada positiva sobre su evoluci\u00f3n, con espacio para una recuperaci\u00f3n \u201cmoderada\u201d del sector, en un entorno m\u00e1s competitivo y exigente. Por su parte, Patrick Haines, VP Produce de Kroger, entreg\u00f3 una visi\u00f3n sobre el mercado norteamericano; y Patricio Bobadilla analiz\u00f3 el potencial de Corea del Sur como destino emergente de alto valor.<\/p>\n\n\n\n<p>Durante la tarde, el bloque dedicado a China incluy\u00f3 perspectivas desde el consumidor y tendencias en canales de venta con David Rao, de Ipsos China; Bai Lijun, de Chengxin Zhiyuan; y Wang Hao Yu, de Douyin, experto de la cadena de supermercados online Douyin, del mismo grupo de la plataforma TikTok. La presentaci\u00f3n de Hao Yu explor\u00f3 oportunidades para productores y exportadores que buscan ingresar al din\u00e1mico mercado chino de&nbsp;<em>e-commerce.<\/em><\/p>\n\n\n\n<p>Finalmente, la jornada cerr\u00f3 con un panel de conversaci\u00f3n moderado por el editor de Econom\u00eda y presentador de Agenda Econ\u00f3mica en CNN Chile, Nicol\u00e1s Pautt, que reuni\u00f3 a l\u00edderes de la industria nacional e internacional. Entre ellos actores como Mario Edwards, presidente del Comit\u00e9 de Cerezas; Hern\u00e1n Garces, de la exportadora Garces Fruit, el mayor productor y exportador de cerezas al mundo; Andr\u00e9 Luteijn, fundador de Chilfresh y uno de los pioneros en la apertura del mercado chino para las cerezas chilenas; y Konna Mu, gerente general de la plataforma de abastecimiento internacional de Joy Wing Mau y Head of Sales para JWM Asia. A ellos se sum\u00f3 Sean Chen, director de Categor\u00eda de Riverking; y George Liu, Vicepresidente de Kingo Group y fundador y CEO de Frutacloud.<\/p>\n","protected":false},"excerpt":{"rendered":"<p>La s\u00e9ptima edici\u00f3n de este evento organizado por el Comit\u00e9 de Cerezas de Frutas de Chile y Grupo Yentzen convoc\u00f3 a los principales actores del sector para analizar el futuro de la cereza chilena en el mundo, que tuvo como principal objetivo potenciar la calidad de la oferta exportadora.<\/p>\n","protected":false},"author":1,"featured_media":34512,"comment_status":"closed","ping_status":"closed","sticky":false,"template":"","format":"standard","meta":{"footnotes":""},"categories":[2406,4139,2603,4137,4775],"tags":[2118,337,273,247,133],"class_list":["post-34510","post","type-post","status-publish","format-standard","has-post-thumbnail","hentry","category-empresas","category-exportaciones","category-industria","category-mercados","category-produccion-fruticola","tag-semanariolocal","tag-informacion","tag-noticias","tag-region-de-los-lagos","tag-semanario-local"],"_links":{"self":[{"href":"https:\/\/www.semanariolocal.cl\/index.php?rest_route=\/wp\/v2\/posts\/34510","targetHints":{"allow":["GET"]}}],"collection":[{"href":"https:\/\/www.semanariolocal.cl\/index.php?rest_route=\/wp\/v2\/posts"}],"about":[{"href":"https:\/\/www.semanariolocal.cl\/index.php?rest_route=\/wp\/v2\/types\/post"}],"author":[{"embeddable":true,"href":"https:\/\/www.semanariolocal.cl\/index.php?rest_route=\/wp\/v2\/users\/1"}],"replies":[{"embeddable":true,"href":"https:\/\/www.semanariolocal.cl\/index.php?rest_route=%2Fwp%2Fv2%2Fcomments&post=34510"}],"version-history":[{"count":1,"href":"https:\/\/www.semanariolocal.cl\/index.php?rest_route=\/wp\/v2\/posts\/34510\/revisions"}],"predecessor-version":[{"id":34511,"href":"https:\/\/www.semanariolocal.cl\/index.php?rest_route=\/wp\/v2\/posts\/34510\/revisions\/34511"}],"wp:featuredmedia":[{"embeddable":true,"href":"https:\/\/www.semanariolocal.cl\/index.php?rest_route=\/wp\/v2\/media\/34512"}],"wp:attachment":[{"href":"https:\/\/www.semanariolocal.cl\/index.php?rest_route=%2Fwp%2Fv2%2Fmedia&parent=34510"}],"wp:term":[{"taxonomy":"category","embeddable":true,"href":"https:\/\/www.semanariolocal.cl\/index.php?rest_route=%2Fwp%2Fv2%2Fcategories&post=34510"},{"taxonomy":"post_tag","embeddable":true,"href":"https:\/\/www.semanariolocal.cl\/index.php?rest_route=%2Fwp%2Fv2%2Ftags&post=34510"}],"curies":[{"name":"wp","href":"https:\/\/api.w.org\/{rel}","templated":true}]}}