{"id":34507,"date":"2026-04-24T20:15:00","date_gmt":"2026-04-25T00:15:00","guid":{"rendered":"https:\/\/www.semanariolocal.cl\/?p=34507"},"modified":"2026-04-24T23:36:08","modified_gmt":"2026-04-25T03:36:08","slug":"fosis-los-lagos-tiene-2-300-cupos-para-emprender-con-inversion-de-2-mil-millones-para-la-region","status":"publish","type":"post","link":"https:\/\/www.semanariolocal.cl\/?p=34507","title":{"rendered":"FOSIS Los Lagos tiene 2.300 cupos para emprender con inversi\u00f3n de $2 mil millones para la regi\u00f3n"},"content":{"rendered":"\n<p><strong><mark style=\"background-color:#abb8c3\" class=\"has-inline-color has-white-color\">24 de abril del 2026.-<\/mark><\/strong> El Fondo de Solidaridad e Inversi\u00f3n Social, FOSIS, ya abri\u00f3 las postulaciones a sus programas de emprendimiento 2026,que este a\u00f1o dispone de 28 mil cupos a nivel nacional, con una inversi\u00f3n de $29 mil millones. A nivel regional habr\u00e1 2.380 cupos, con una inversi\u00f3n total de $2.419 millones, para apoyar el desarrollo de emprendimientos.<\/p>\n\n\n\n<p>Para hacer un llamado a postular, este mi\u00e9rcoles 22 de abril se realiz\u00f3 una muestra de emprendimientos de personas usuarias del FOSIS, en el patio techado del Centro Administrativo Regional, en Puerto Montt. La actividad fue liderada por el delegado presidencial regional, Cristian Palma y el seremi de Desarrollo Social y Familia, Carlos Seitz.<\/p>\n\n\n\n<p>Los programas disponibles este 2026 son Emprendamos Semilla, dirigido a personas con una idea de negocio o emprendimientos en etapa inicial y Emprendamos \u2014en sus modalidades B\u00e1sico y Avanzado\u2014 orientado a quienes ya tienen un negocio en funcionamiento con iniciaci\u00f3n de actividades y buscan fortalecerlo, para hacerlo crecer.<\/p>\n\n\n\n<p>Las postulaciones estar\u00e1n abiertas hasta el 30 de abril en <a href=\"http:\/\/www.fosis.gob.cl\">www.fosis.gob.cl<\/a>, en los municipios respectivos y en las oficinas del FOSIS en la regi\u00f3n, en las ciudades de Puerto Montt, Osorno y Castro. Entre los requisitos b\u00e1sicos se encuentran: ser mayor de 18 a\u00f1os, contar con c\u00e9dula de identidad vigente, tener Clave \u00danica, residir en una comuna donde se ejecute el programa y pertenecer hasta el 60&amp; el tramo de personas de mayor vulnerabilidad seg\u00fan el Registro Social de Hogares (RSH).<\/p>\n\n\n\n<p>El seremi hizo un llamado a postular a los programas del FOSIS, destacando que este tipo de programas son clave para la comunidad: \u201cmovamos la econom\u00eda local y la econom\u00eda regional, para as\u00ed potenciar los emprendimientos desde el seno familiar\u201d.<\/p>\n\n\n\n<p>Una de las participantes de la muestra, Ingrid Hern\u00e1ndez, de la comuna de Puerto Varas, due\u00f1a del emprendimiento \u201cAmbros\u00eda\u201d de reposter\u00eda casera, afirm\u00f3 que \u00abgracias al aporte de FOSIS tanto monetario como de capacitaci\u00f3n, he ido mejorando cada d\u00eda la presentaci\u00f3n y producci\u00f3n de mis productos. Tambi\u00e9n he podido adquirir herramientas que han permitido minimizar mis tiempos de trabajo, lo que es una ayuda para estar con mi familia\u201d.<\/p>\n","protected":false},"excerpt":{"rendered":"<p>Las postulaciones estar\u00e1n abiertas hasta el 30 de abril en www.fosis.gob.cl e incluyen capacitaci\u00f3n, acompa\u00f1amiento y financiamiento para iniciar o fortalecer negocios.<\/p>\n","protected":false},"author":1,"featured_media":34508,"comment_status":"closed","ping_status":"closed","sticky":false,"template":"","format":"standard","meta":{"footnotes":""},"categories":[3,4586,3847,4338,2483],"tags":[2118,4959,337,273,247,133],"class_list":["post-34507","post","type-post","status-publish","format-standard","has-post-thumbnail","hentry","category-al-dia","category-direccion-regional","category-emprendedores","category-organismos-publicos","category-region","tag-semanariolocal","tag-fosis-los-lagos","tag-informacion","tag-noticias","tag-region-de-los-lagos","tag-semanario-local"],"_links":{"self":[{"href":"https:\/\/www.semanariolocal.cl\/index.php?rest_route=\/wp\/v2\/posts\/34507","targetHints":{"allow":["GET"]}}],"collection":[{"href":"https:\/\/www.semanariolocal.cl\/index.php?rest_route=\/wp\/v2\/posts"}],"about":[{"href":"https:\/\/www.semanariolocal.cl\/index.php?rest_route=\/wp\/v2\/types\/post"}],"author":[{"embeddable":true,"href":"https:\/\/www.semanariolocal.cl\/index.php?rest_route=\/wp\/v2\/users\/1"}],"replies":[{"embeddable":true,"href":"https:\/\/www.semanariolocal.cl\/index.php?rest_route=%2Fwp%2Fv2%2Fcomments&post=34507"}],"version-history":[{"count":1,"href":"https:\/\/www.semanariolocal.cl\/index.php?rest_route=\/wp\/v2\/posts\/34507\/revisions"}],"predecessor-version":[{"id":34509,"href":"https:\/\/www.semanariolocal.cl\/index.php?rest_route=\/wp\/v2\/posts\/34507\/revisions\/34509"}],"wp:featuredmedia":[{"embeddable":true,"href":"https:\/\/www.semanariolocal.cl\/index.php?rest_route=\/wp\/v2\/media\/34508"}],"wp:attachment":[{"href":"https:\/\/www.semanariolocal.cl\/index.php?rest_route=%2Fwp%2Fv2%2Fmedia&parent=34507"}],"wp:term":[{"taxonomy":"category","embeddable":true,"href":"https:\/\/www.semanariolocal.cl\/index.php?rest_route=%2Fwp%2Fv2%2Fcategories&post=34507"},{"taxonomy":"post_tag","embeddable":true,"href":"https:\/\/www.semanariolocal.cl\/index.php?rest_route=%2Fwp%2Fv2%2Ftags&post=34507"}],"curies":[{"name":"wp","href":"https:\/\/api.w.org\/{rel}","templated":true}]}}