{"id":34504,"date":"2026-04-24T20:30:00","date_gmt":"2026-04-25T00:30:00","guid":{"rendered":"https:\/\/www.semanariolocal.cl\/?p=34504"},"modified":"2026-04-24T23:30:30","modified_gmt":"2026-04-25T03:30:30","slug":"sag-confirma-primer-caso-de-influenza-aviar-de-alta-patogenicidad-en-ave-silvestre-en-la-region","status":"publish","type":"post","link":"https:\/\/www.semanariolocal.cl\/?p=34504","title":{"rendered":"SAG confirma primer caso de influenza aviar de alta patogenicidad en ave silvestre en la regi\u00f3n"},"content":{"rendered":"\n<p><strong><mark style=\"background-color:#abb8c3\" class=\"has-inline-color has-white-color\">24 de Abril del 2026.-<\/mark><\/strong> El Servicio Agr\u00edcola y Ganadero (SAG) confirm\u00f3 el primer caso de Influenza Aviar de Alta Patogenicidad (IAAP) subtipo H5N1 en la regi\u00f3n de Los Lagos, detectado en un ejemplar de cisne de cuello negro (<em>Cygnus melancoryphus<\/em>) en el borde costero del sector Piedra Azul, comuna de Puerto Montt.<\/p>\n\n\n\n<p>Tras la confirmaci\u00f3n, realizada por el Laboratorio Lo Aguirre del Servicio, se activaron de inmediato los protocolos zoosanitarios establecidos, intensificando las labores de vigilancia en el \u00e1rea afectada. Estas acciones incluyen vigilancia de aves silvestres, recolecci\u00f3n de ejemplares muertos y comunicaci\u00f3n de riesgo a la comunidad. Asimismo, se mantiene habilitado el sistema de atenci\u00f3n de denuncias ciudadanas ante posibles casos sospechosos.<\/p>\n\n\n\n<p>El Delegado Presidencial Regional de Los Lagos Cristi\u00e1n Palma Vald\u00e9s hizo un llamado a la comunidad para mantener calma y confianza en el trabajo de las instituciones del Estado que est\u00e1n preocupadas del resguardo sanitario. \u201cComo Gobierno estamos adoptando todas las medidas preventivas y fortaleciendo la coordinaci\u00f3n con los distintos servicios, con el objetivo de resguardar la salud de las personas y la seguridad sanitaria en la regi\u00f3n de Los Lagos. Hacemos un llamado a la comunidad a que, en caso de observar s\u00edntomas en aves, ya sea silvestres o dom\u00e9sticas, informe de inmediato y realice la denuncia correspondiente al SAG. Y a los agricultores, que posean aves, les invitamos a informarse en las unidades de INDAP respecto de la obtenci\u00f3n del seguro estatal gratuito para los propietarios de aves que se vean afectadas con influenza aviar\u201d, enfatiz\u00f3 la autoridad regional.<\/p>\n\n\n\n<p><strong>Recomendaciones a la comunidad<\/strong><\/p>\n\n\n\n<p>La influenza aviar de alta patogenicidad es una enfermedad viral que afecta tanto a aves dom\u00e9sticas como silvestres y no posee cura. Aunque con menos frecuencia, tambi\u00e9n se han aislado virus de influenza aviar en especies de mam\u00edferos, as\u00ed como en seres humanos. Presenta una alta capacidad de propagaci\u00f3n y puede provocar elevada mortalidad en aves. Las aves acu\u00e1ticas migratorias constituyen el principal reservorio natural del virus y cumplen un rol relevante en su dispersi\u00f3n a largas distancias.<\/p>\n\n\n\n<p>Esta enfermedad genera impactos sanitarios, econ\u00f3micos y comerciales de alta magnitud. Por ello, el SAG hace un llamado a reforzar las medidas de bioseguridad en los gallineros, especialmente ante la presencia de aves silvestres, ya que la interacci\u00f3n con aves dom\u00e9sticas aumenta el riesgo de transmisi\u00f3n del virus. Entre las principales recomendaciones se encuentran mantener a las aves en espacios protegidos, evitar el contacto con aves silvestres y no compartir fuentes de agua ni alimento.<\/p>\n\n\n\n<p>Si observa signos sospechosos \u2014como diarrea, decaimiento, depresi\u00f3n, coloraci\u00f3n azulada en cresta, barbillas o patas, plumaje erizado, descoordinaci\u00f3n o muertes inusuales\u2014, no manipule las aves directamente y realice la denuncia de inmediato al SAG. A nivel nacional, los canales habilitados son el Centro de Atenci\u00f3n Usuaria (tel\u00e9fono 22 345 1100) y el correo electr\u00f3nico&nbsp;<a href=\"mailto:oficina.informaciones@sag.gob.cl\" target=\"_blank\" rel=\"noreferrer noopener\">oficina.informaciones@sag.gob.cl<\/a>. Adem\u00e1s, se ha dispuesto el WhatsApp +56 9 3866 3611, dedicado exclusivamente a recibir consultas y denuncias sobre influenza aviar, con atenci\u00f3n de lunes a viernes de 9:00 a 21:00 horas, y fines de semana y festivos de 9:00 a 18:00 horas.<\/p>\n\n\n\n<p>A nivel regional, los canales disponibles son los correos electr\u00f3nicos&nbsp;<a href=\"mailto:denunciasia.loslagos@sag.gob.cl\" target=\"_blank\" rel=\"noreferrer noopener\">denunciasia.loslagos@sag.gob.cl<\/a>&nbsp;y&nbsp;<a href=\"mailto:contacto.loslagos@sag.gob.cl\" target=\"_blank\" rel=\"noreferrer noopener\">contacto.loslagos@sag.gob.cl<\/a>, junto al tel\u00e9fono +56 9 3253 8027 (lunes a jueves de 8:30 a 17:30 horas, y viernes de 8:30 a 16:30 horas).<\/p>\n\n\n\n<p>Cabe se\u00f1alar que, la regi\u00f3n mantiene operativo un Centro de Operaciones (CO) para Influenza Aviar, responsable de la gesti\u00f3n, an\u00e1lisis y difusi\u00f3n de informaci\u00f3n epidemiol\u00f3gica hacia autoridades y equipos t\u00e9cnicos. En este contexto, SENAPRED, SERNAPESCA, INDAP, CONAF, el Ministerio de Salud y otras instituciones reciben actualizaciones peri\u00f3dicas sobre la situaci\u00f3n epidemiol\u00f3gica a nivel global y regional.<\/p>\n\n\n\n<p>Adem\u00e1s, para mantener informada a la ciudadan\u00eda y favorecer la toma de decisiones basada en antecedentes confiables, el SAG ha dispuesto un visor en l\u00ednea con informaci\u00f3n actualizada sobre la emergencia zoosanitaria, que incluye brotes confirmados, aves afectadas y predios bajo vigilancia, entre otros datos relevantes. Este se encuentra disponible en&nbsp;<a href=\"http:\/\/www.sag.cl\/\" target=\"_blank\" rel=\"noreferrer noopener\">www.sag.cl<\/a>&nbsp;o directamente en&nbsp;<a href=\"https:\/\/bit.ly\/47N7HCn\" target=\"_blank\" rel=\"noreferrer noopener\">https:\/\/bit.ly\/47N7HCn<\/a>.<\/p>\n","protected":false},"excerpt":{"rendered":"<p>El Servicio activ\u00f3 protocolos zoosanitarios y reforz\u00f3 la vigilancia en el \u00e1rea afectada, llamando a la ciudadan\u00eda a reportar casos sospechosos y a fortalecer medidas de bioseguridad en sistemas productivos de traspatio para prevenir la propagaci\u00f3n del virus.<\/p>\n","protected":false},"author":1,"featured_media":34505,"comment_status":"closed","ping_status":"closed","sticky":false,"template":"","format":"standard","meta":{"footnotes":""},"categories":[3,4586,2496,4290,3528],"tags":[2118,337,273,247,595,133],"class_list":["post-34504","post","type-post","status-publish","format-standard","has-post-thumbnail","hentry","category-al-dia","category-direccion-regional","category-nacional","category-salud-animal","category-servicios-publicos","tag-semanariolocal","tag-informacion","tag-noticias","tag-region-de-los-lagos","tag-sag","tag-semanario-local"],"_links":{"self":[{"href":"https:\/\/www.semanariolocal.cl\/index.php?rest_route=\/wp\/v2\/posts\/34504","targetHints":{"allow":["GET"]}}],"collection":[{"href":"https:\/\/www.semanariolocal.cl\/index.php?rest_route=\/wp\/v2\/posts"}],"about":[{"href":"https:\/\/www.semanariolocal.cl\/index.php?rest_route=\/wp\/v2\/types\/post"}],"author":[{"embeddable":true,"href":"https:\/\/www.semanariolocal.cl\/index.php?rest_route=\/wp\/v2\/users\/1"}],"replies":[{"embeddable":true,"href":"https:\/\/www.semanariolocal.cl\/index.php?rest_route=%2Fwp%2Fv2%2Fcomments&post=34504"}],"version-history":[{"count":1,"href":"https:\/\/www.semanariolocal.cl\/index.php?rest_route=\/wp\/v2\/posts\/34504\/revisions"}],"predecessor-version":[{"id":34506,"href":"https:\/\/www.semanariolocal.cl\/index.php?rest_route=\/wp\/v2\/posts\/34504\/revisions\/34506"}],"wp:featuredmedia":[{"embeddable":true,"href":"https:\/\/www.semanariolocal.cl\/index.php?rest_route=\/wp\/v2\/media\/34505"}],"wp:attachment":[{"href":"https:\/\/www.semanariolocal.cl\/index.php?rest_route=%2Fwp%2Fv2%2Fmedia&parent=34504"}],"wp:term":[{"taxonomy":"category","embeddable":true,"href":"https:\/\/www.semanariolocal.cl\/index.php?rest_route=%2Fwp%2Fv2%2Fcategories&post=34504"},{"taxonomy":"post_tag","embeddable":true,"href":"https:\/\/www.semanariolocal.cl\/index.php?rest_route=%2Fwp%2Fv2%2Ftags&post=34504"}],"curies":[{"name":"wp","href":"https:\/\/api.w.org\/{rel}","templated":true}]}}