{"id":3447,"date":"2021-12-12T08:00:00","date_gmt":"2021-12-12T11:00:00","guid":{"rendered":"https:\/\/www.semanariolocal.cl\/?p=3447"},"modified":"2021-12-11T22:31:40","modified_gmt":"2021-12-12T01:31:40","slug":"una-ley-importante-no-existe-la-prostitucion-infantil","status":"publish","type":"post","link":"https:\/\/www.semanariolocal.cl\/?p=3447","title":{"rendered":"Una ley importante: no existe la prostituci\u00f3n infantil"},"content":{"rendered":"\n<p style=\"font-size:17px\">Este jueves 9 de diciembre la Comisi\u00f3n de Constituci\u00f3n de la C\u00e1mara de Diputados despach\u00f3 el proyecto de ley que tipifica los delitos asociados a la explotaci\u00f3n sexual comercial en contra de ni\u00f1as, ni\u00f1os y adolescentes.<\/p>\n\n\n\n<p style=\"font-size:17px\">Puede sonar a leguleyada, pero no lo es. Tiene una trascendencia gigantesca para quienes trabajamos con ni\u00f1os, ni\u00f1as y adolescentes vulnerados y vulnerables, en particular para los que conocemos del acoso de verdaderas bandas de depredadores sexuales que rondan las residencias de protecci\u00f3n de ni\u00f1as bajo el cuidado del Estado. Un acoso que hasta ahora a nadie parec\u00eda importarle demasiado: ni a las polic\u00edas, ni al personal de salud, ni a las autoridades, ni a los jueces. Y generaba, en el mejor de los casos, investigaciones descoordinadas y, por lo mismo, infructuosas.<\/p>\n\n\n\n<p style=\"font-size:17px\">Este cambio significa que si el proyecto al que se le otorg\u00f3 suma urgencia avanza, pasa al Senado, es aprobado y se convierte en ley, dejaremos de hablar err\u00f3neamente de \u201cprostituci\u00f3n infantil\u201d, porque supone que una persona menor de edad vende su cuerpo de manera premeditada y consciente a un adulto. Desde el punto de vista de la investigaci\u00f3n y sanci\u00f3n del fen\u00f3meno, existen importantes limitaciones en la capacidad del Estado para investigar, perseguir penalmente y sancionar estas conductas. La nueva tipificaci\u00f3n de la explotaci\u00f3n sexual infantil y adolescente como un delito en s\u00ed mismo, dejando atr\u00e1s a\u00f1ejas concepciones como prostituci\u00f3n infantil o facilitaci\u00f3n para la prostituci\u00f3n, las que invisibilizan la problem\u00e1tica y la asimilan&nbsp; al comercio sexual adulto.<\/p>\n\n\n\n<p style=\"font-size:17px\">Todos sabemos la capacidad de seducci\u00f3n y el poder que ejerce un explotador sobre una ni\u00f1a o adolescente que ha padecido abusos y violencia sexual desde peque\u00f1a. C\u00f3mo capitaliza el abandono y la orfandad emocional en que ha vivido durante toda su vida. La explotaci\u00f3n sexual comercial de ni\u00f1as, ni\u00f1os y adolescentes constituye una forma de coerci\u00f3n y de violencia que puede equipararse al trabajo forzoso y a una forma contempor\u00e1nea de esclavitud, as\u00ed la definen los organismos especializados. La forma de acercamiento tradicional conocida como grooming o seducci\u00f3n entre intermediario\/a y v\u00edctima es sutil: no involucra la realizaci\u00f3n de actividad sexual sino la entrega de regalos o bienes de parte del explotador para ganarse la confianza de su presa.<\/p>\n\n\n\n<p style=\"font-size:17px\">Decir que esa v\u00edctima, vulnerable hasta lo indecible, participa del delito de prostituci\u00f3n infantil es un error jur\u00eddico y moral y debe ser corregido, y obligarnos a una evoluci\u00f3n cultural que nos haga condenar sin vacilaciones este tipo de crimen. Crimen doblemente dram\u00e1tico, porque las m\u00e1s de las veces las v\u00edctimas no se perciben como tales y establecen una dependencia afectiva de su explotador.<\/p>\n\n\n\n<p style=\"font-size:17px\">Hogar de Cristo lleva a\u00f1os denunciando esta indolencia social y durante el primer semestre de este a\u00f1o presentamos la contundente investigaci\u00f3n \u201cSer Ni\u00f1a en una Residencia de Protecci\u00f3n\u201d, donde queda patente que ser mujer, menor de edad, pobre, al cuidado del Estado y estar vulnerada en los derechos, es una suma de desventajas, que se conoce como interseccionalidad, concepto fundamental para comprender la magnitud de la discriminaci\u00f3n y desigualdad que afecta a esta poblaci\u00f3n. Para proteger y cuidar a las ni\u00f1as y adolescentes m\u00e1s desventajadas de Chile \u2013y a los ni\u00f1os tambi\u00e9n, si bien padecen en menor proporci\u00f3n este delito\u2013, todos debemos coincidir en que la explotaci\u00f3n sexual comercial de menores de edad es un crimen y no podemos seguir refiri\u00e9ndonos a \u00e9l como \u201cprostituci\u00f3n infantil\u201d. Apuremos esta ley que pone las cosas en su lugar y de la cual como fundaci\u00f3n nos consideramos parte activa y consciente.&nbsp;<\/p>\n\n\n\n<p style=\"font-size:17px\">Por Carlos V\u00f6hringer, jefe t\u00e9cnico del Hogar de Cristo<\/p>\n","protected":false},"excerpt":{"rendered":"<p>Este jueves 9 de diciembre la Comisi\u00f3n de Constituci\u00f3n de la C\u00e1mara de Diputados despach\u00f3 el proyecto de ley que tipifica los delitos asociados a la explotaci\u00f3n sexual comercial en contra de ni\u00f1as, ni\u00f1os y adolescentes. Puede sonar a leguleyada, pero no lo es. Tiene una trascendencia gigantesca para quienes trabajamos con ni\u00f1os, ni\u00f1as y&#8230;<a class=\"btnReadMore\" href=\"https:\/\/www.semanariolocal.cl\/?p=3447\"> Leer M\u00e1s<\/a><\/p>\n","protected":false},"author":1,"featured_media":3448,"comment_status":"closed","ping_status":"closed","sticky":false,"template":"","format":"standard","meta":{"footnotes":""},"categories":[7],"tags":[],"class_list":["post-3447","post","type-post","status-publish","format-standard","has-post-thumbnail","hentry","category-opinion"],"_links":{"self":[{"href":"https:\/\/www.semanariolocal.cl\/index.php?rest_route=\/wp\/v2\/posts\/3447","targetHints":{"allow":["GET"]}}],"collection":[{"href":"https:\/\/www.semanariolocal.cl\/index.php?rest_route=\/wp\/v2\/posts"}],"about":[{"href":"https:\/\/www.semanariolocal.cl\/index.php?rest_route=\/wp\/v2\/types\/post"}],"author":[{"embeddable":true,"href":"https:\/\/www.semanariolocal.cl\/index.php?rest_route=\/wp\/v2\/users\/1"}],"replies":[{"embeddable":true,"href":"https:\/\/www.semanariolocal.cl\/index.php?rest_route=%2Fwp%2Fv2%2Fcomments&post=3447"}],"version-history":[{"count":1,"href":"https:\/\/www.semanariolocal.cl\/index.php?rest_route=\/wp\/v2\/posts\/3447\/revisions"}],"predecessor-version":[{"id":3449,"href":"https:\/\/www.semanariolocal.cl\/index.php?rest_route=\/wp\/v2\/posts\/3447\/revisions\/3449"}],"wp:featuredmedia":[{"embeddable":true,"href":"https:\/\/www.semanariolocal.cl\/index.php?rest_route=\/wp\/v2\/media\/3448"}],"wp:attachment":[{"href":"https:\/\/www.semanariolocal.cl\/index.php?rest_route=%2Fwp%2Fv2%2Fmedia&parent=3447"}],"wp:term":[{"taxonomy":"category","embeddable":true,"href":"https:\/\/www.semanariolocal.cl\/index.php?rest_route=%2Fwp%2Fv2%2Fcategories&post=3447"},{"taxonomy":"post_tag","embeddable":true,"href":"https:\/\/www.semanariolocal.cl\/index.php?rest_route=%2Fwp%2Fv2%2Ftags&post=3447"}],"curies":[{"name":"wp","href":"https:\/\/api.w.org\/{rel}","templated":true}]}}