{"id":3411,"date":"2021-12-07T07:00:00","date_gmt":"2021-12-07T10:00:00","guid":{"rendered":"https:\/\/www.semanariolocal.cl\/?p=3411"},"modified":"2021-12-06T23:35:46","modified_gmt":"2021-12-07T02:35:46","slug":"en-liceo-carmela-carvajal-presentara-cortometraje-aun-pendiente","status":"publish","type":"post","link":"https:\/\/www.semanariolocal.cl\/?p=3411","title":{"rendered":"En Liceo Carmela Carvajal presentar\u00e1 Cortometraje \u201cA\u00fan Pendiente\u201d"},"content":{"rendered":"\n<p style=\"font-size:17px\">Luego de varios meses en etapa de receso por efectos de la pandemia, se retoman las actividades en la Compa\u00f1\u00eda de \u201cTeatro Mangapinelo\u201d, que por m\u00e1s de 9 a\u00f1os ha brindado grandes espect\u00e1culos y obras teatrales, siendo esta, una de las m\u00e1s reconocidas en la comuna.<\/p>\n\n\n\n<p style=\"font-size:17px\">Seg\u00fan se\u00f1al\u00f3, la directora de la compa\u00f1\u00eda, Paola Lazen, el teatro es una buena forma de expresi\u00f3n de sentimientos, donde fluyen los talentos, por lo que es muy importante en la parte educativa en el \u00e1rea extraescolar.<\/p>\n\n\n\n<p style=\"font-size:17px\">Coment\u00f3 la docente, que esta vez se dar\u00e1 el vamos al teatro en el liceo con algo distinto e innovador. Se trata de un cortometraje cuyos autores y actores son los mismos alumnos, el que fue grabado a trav\u00e9s de videollamada. Esta obra, llamada \u201cA\u00fan Aucente\u201d refleja una realidad que muchas familias viven hoy en esta nueva sociedad, respecto a la condici\u00f3n sexual de algunas personas.<\/p>\n\n\n\n<p style=\"font-size:17px\">El alumno, Alex Azocar, es un psic\u00f3logo que trata a la familia. Sobre la trama, se\u00f1ala que es un conflicto que viven los protagonistas, que deben resolver con aceptaci\u00f3n y entendiendo, en una sociedad m\u00e1s progresista que ha ido evolucionando sobre estos temas.<\/p>\n\n\n\n<p style=\"font-size:17px\">Nicolas del Rio, en tanto, es el padre que tras la muerte de su esposa descubre su bisexualidad que no es aceptada por la abuela de la ni\u00f1a que desea tener su custodia. Nicolas, se\u00f1ala que hoy la bisexualidad no se debe mirar como algo anormal, sino m\u00e1s bien, entender que el amor puede estar en cualquier lado independiente a la opci\u00f3n sexual de los seres humanos.<\/p>\n\n\n\n<p style=\"font-size:17px\">Finalmente, la alumna, Colomba Moreira, act\u00faa como la hija del padre a quien se le quiere quitar la tuici\u00f3n por parte de la abuela que no acepta la condici\u00f3n sexual del padre. Columba, destaca que esta obra ense\u00f1a a ser m\u00e1s tolerante, m\u00e1s humano en un mundo que cambi\u00f3. La idea es abrirse al di\u00e1logo en la familia, dijo la actriz estudiantil.<\/p>\n\n\n\n<p style=\"font-size:17px\">Cabe destacar que el cortometraje, ser\u00e1 presentado a la comunidad educativa este martes 7 de diciembre desde las 19:00 horas a trav\u00e9s de la p\u00e1gina web del establecimiento. Oportunidad en la que tambi\u00e9n debutar\u00e1 otro cortometraje llamado \u201cRepeat\u00bb.&nbsp;<\/p>\n","protected":false},"excerpt":{"rendered":"<p>\u201cSe trata de una pel\u00edcula cuyos autores son los mismos alumnos y fue grabado a trav\u00e9s de video llamadas\u201d<\/p>\n","protected":false},"author":1,"featured_media":3412,"comment_status":"closed","ping_status":"closed","sticky":false,"template":"","format":"standard","meta":{"footnotes":""},"categories":[3,10,11],"tags":[],"class_list":["post-3411","post","type-post","status-publish","format-standard","has-post-thumbnail","hentry","category-al-dia","category-cultura","category-educacion"],"_links":{"self":[{"href":"https:\/\/www.semanariolocal.cl\/index.php?rest_route=\/wp\/v2\/posts\/3411","targetHints":{"allow":["GET"]}}],"collection":[{"href":"https:\/\/www.semanariolocal.cl\/index.php?rest_route=\/wp\/v2\/posts"}],"about":[{"href":"https:\/\/www.semanariolocal.cl\/index.php?rest_route=\/wp\/v2\/types\/post"}],"author":[{"embeddable":true,"href":"https:\/\/www.semanariolocal.cl\/index.php?rest_route=\/wp\/v2\/users\/1"}],"replies":[{"embeddable":true,"href":"https:\/\/www.semanariolocal.cl\/index.php?rest_route=%2Fwp%2Fv2%2Fcomments&post=3411"}],"version-history":[{"count":1,"href":"https:\/\/www.semanariolocal.cl\/index.php?rest_route=\/wp\/v2\/posts\/3411\/revisions"}],"predecessor-version":[{"id":3413,"href":"https:\/\/www.semanariolocal.cl\/index.php?rest_route=\/wp\/v2\/posts\/3411\/revisions\/3413"}],"wp:featuredmedia":[{"embeddable":true,"href":"https:\/\/www.semanariolocal.cl\/index.php?rest_route=\/wp\/v2\/media\/3412"}],"wp:attachment":[{"href":"https:\/\/www.semanariolocal.cl\/index.php?rest_route=%2Fwp%2Fv2%2Fmedia&parent=3411"}],"wp:term":[{"taxonomy":"category","embeddable":true,"href":"https:\/\/www.semanariolocal.cl\/index.php?rest_route=%2Fwp%2Fv2%2Fcategories&post=3411"},{"taxonomy":"post_tag","embeddable":true,"href":"https:\/\/www.semanariolocal.cl\/index.php?rest_route=%2Fwp%2Fv2%2Ftags&post=3411"}],"curies":[{"name":"wp","href":"https:\/\/api.w.org\/{rel}","templated":true}]}}