{"id":34102,"date":"2026-04-07T11:01:03","date_gmt":"2026-04-07T15:01:03","guid":{"rendered":"https:\/\/www.semanariolocal.cl\/?p=34102"},"modified":"2026-04-07T11:01:04","modified_gmt":"2026-04-07T15:01:04","slug":"tuberculosis-como-se-transmite-y-cuales-son-sus-sintomas","status":"publish","type":"post","link":"https:\/\/www.semanariolocal.cl\/?p=34102","title":{"rendered":"Tuberculosis: C\u00f3mo se transmite y cu\u00e1les son sus s\u00edntomas"},"content":{"rendered":"\n<p><strong><mark style=\"background-color:#abb8c3\" class=\"has-inline-color has-white-color\">07 de abril del 2026.- <\/mark><\/strong>La Organizaci\u00f3n Mundial de la Salud (OMS) destac\u00f3 este a\u00f1o el compromiso de la atenci\u00f3n primaria de la salud en la prevenci\u00f3n y detecci\u00f3n temprana de la tuberculosis (TBC).<\/p>\n\n\n\n<p>Se estima que 350 mil personas enfermaron de TBC y unas 30 mil fallecieron por esta causa en el 2024. De estas muertes, el 29% se atribuyeron a la coinfecci\u00f3n TBC\/VIH.<\/p>\n\n\n\n<p>Sin embargo, las tasas de afectados van a la baja gracias a nuevas tecnolog\u00edas, como la radiolog\u00eda digital asistida por CAD, la expansi\u00f3n del uso de las pruebas moleculares r\u00e1pidas para el diagn\u00f3stico y los esquemas terap\u00e9uticos m\u00e1s cortos para el tratamiento.<\/p>\n\n\n\n<p>Tambi\u00e9n, la OMS indic\u00f3 que los determinantes sociales de la salud vinculados a la tuberculosis, como la pobreza, exclusi\u00f3n social, la desnutrici\u00f3n, las comorbilidades, la discriminaci\u00f3n y la estigmatizaci\u00f3n contin\u00faan siendo los principales impulsores de la epidemia en Am\u00e9rica Latina y el Caribe. &nbsp;<\/p>\n\n\n\n<p>Esto \u00faltimo fue confirmado por la acad\u00e9mica de la Escuela de Enfermer\u00eda de la Universidad de Talca, Mar\u00eda Victoria Ram\u00edrez, quien detall\u00f3 que se indica como poblaciones vulnerables para enfermar por esta patolog\u00eda \u201ca personas extranjeras, mayores de 65 a\u00f1os, personas con drogadicci\u00f3n, alcoholismo, diabetes o VIH, entre otros\u201d.<\/p>\n\n\n\n<p>La profesional explic\u00f3 que la tuberculosis es una enfermedad infecciosa causada por el bacilo de Koch, \u201cbacteria que suele afectar a los pulmones, pero tambi\u00e9n a otras partes del cuerpo como los ri\u00f1ones, el cerebro y la columna vertebral\u201d.<\/p>\n\n\n\n<p>Seg\u00fan indic\u00f3, en Chile, en el 2024 la tasa de mortalidad especifica por tuberculosis fue de 1,46 por 100 mil habitantes, mientras que en la Regi\u00f3n del Maule fue de 1,02 por 100 mil habitantes; \u201cla tasa de incidencia (casos nuevos) por a\u00f1o aumenta con la edad en ambos sexos, y a partir de los 20 a\u00f1os es m\u00e1s alta en hombres que en mujeres. Se observa tambi\u00e9n una mayor diferencia entre hombres y mujeres en la poblaci\u00f3n mayor a 80 a\u00f1os\u201d.<\/p>\n\n\n\n<p>Consultada al respecto, afirm\u00f3 que en nuestro pa\u00eds \u201ctodos los ni\u00f1os al nacer reciben la vacuna BCG a nivel hospitalario para evitar la forma grave de esta dolencia. \u201cIncluso se realiza la puesta al d\u00eda de la misma a ni\u00f1os extranjeros menores de 4 a\u00f1os, si no la han recibido en su pa\u00eds\u201d.<\/p>\n\n\n\n<p>Sin embargo, destac\u00f3 Ram\u00edrez, \u201cesta es una enfermedad prevenible y curable con el tratamiento y manejo adecuado. En general las personas infectadas no se sienten enfermas ni contagian la enfermedad, solo entre el 5 y el 10% acaban presentando s\u00edntomas y enferman de tuberculosis. Estos pueden ser leves durante muchos meses, lo que facilita la transmisi\u00f3n a otras personas\u201d, indic\u00f3.<\/p>\n\n\n\n<p><strong>Transmisi\u00f3n<\/strong><\/p>\n\n\n\n<p>La TBC se transmite por v\u00eda a\u00e9rea. \u201cCuando una persona enferma de tuberculosis pulmonar, tose, estornuda o escupe. Los s\u00edntomas dependen de la zona del cuerpo afectada, pero los m\u00e1s habituales son tos persistente que dura 3 semanas o m\u00e1s, tos con sangre o flema, dolor tor\u00e1cico, cansancio, p\u00e9rdida de peso, fiebre y sudores nocturnos\u201d, precis\u00f3 la acad\u00e9mica de la Facultad de Ciencias de la Salud de la UTalca.<\/p>\n\n\n\n<p>Agreg\u00f3 que, si no se trata con antibi\u00f3ticos espec\u00edficos, \u201cpuede ser mortal. Es muy importante solicitar atenci\u00f3n m\u00e9dica y\/o indicar que posee dicha sintomatolog\u00eda a profesionales de salud si es paciente con patolog\u00edas cr\u00f3nicas, ya que el tratamiento precoz puede ayudar a detener su propagaci\u00f3n y a aumentar la probabilidad de recuperaci\u00f3n\u201d.<\/p>\n\n\n\n<p>Esto \u00faltimo, subray\u00f3 Ram\u00edrez, es fundamental en el control epidemiol\u00f3gico de esta enfermedad. \u201cPor esta raz\u00f3n, se recalca y se espera que una importante proporci\u00f3n de casos pulmonares con confirmaci\u00f3n bacteriol\u00f3gica sean pesquisados en el nivel primario de atenci\u00f3n y de ah\u00ed que se destaque este a\u00f1o a este nivel de atenci\u00f3n\u201d.<\/p>\n","protected":false},"excerpt":{"rendered":"<p>Campa\u00f1a 2026 apunta a mejorar la pesquisa de esta enfermedad en la atenci\u00f3n primaria de salud, con el objetivo de otorgar un tratamiento temprano y frenar el contagio.<\/p>\n","protected":false},"author":1,"featured_media":34103,"comment_status":"closed","ping_status":"closed","sticky":false,"template":"","format":"standard","meta":{"footnotes":""},"categories":[3,11,4603,2496,3842,2484,4395,4837],"tags":[2118,337,273,247,133],"class_list":["post-34102","post","type-post","status-publish","format-standard","has-post-thumbnail","hentry","category-al-dia","category-educacion","category-medicina-y-salud","category-nacional","category-politicas-publicas","category-salud","category-sociedad","category-tema-pais","tag-semanariolocal","tag-informacion","tag-noticias","tag-region-de-los-lagos","tag-semanario-local"],"_links":{"self":[{"href":"https:\/\/www.semanariolocal.cl\/index.php?rest_route=\/wp\/v2\/posts\/34102","targetHints":{"allow":["GET"]}}],"collection":[{"href":"https:\/\/www.semanariolocal.cl\/index.php?rest_route=\/wp\/v2\/posts"}],"about":[{"href":"https:\/\/www.semanariolocal.cl\/index.php?rest_route=\/wp\/v2\/types\/post"}],"author":[{"embeddable":true,"href":"https:\/\/www.semanariolocal.cl\/index.php?rest_route=\/wp\/v2\/users\/1"}],"replies":[{"embeddable":true,"href":"https:\/\/www.semanariolocal.cl\/index.php?rest_route=%2Fwp%2Fv2%2Fcomments&post=34102"}],"version-history":[{"count":1,"href":"https:\/\/www.semanariolocal.cl\/index.php?rest_route=\/wp\/v2\/posts\/34102\/revisions"}],"predecessor-version":[{"id":34104,"href":"https:\/\/www.semanariolocal.cl\/index.php?rest_route=\/wp\/v2\/posts\/34102\/revisions\/34104"}],"wp:featuredmedia":[{"embeddable":true,"href":"https:\/\/www.semanariolocal.cl\/index.php?rest_route=\/wp\/v2\/media\/34103"}],"wp:attachment":[{"href":"https:\/\/www.semanariolocal.cl\/index.php?rest_route=%2Fwp%2Fv2%2Fmedia&parent=34102"}],"wp:term":[{"taxonomy":"category","embeddable":true,"href":"https:\/\/www.semanariolocal.cl\/index.php?rest_route=%2Fwp%2Fv2%2Fcategories&post=34102"},{"taxonomy":"post_tag","embeddable":true,"href":"https:\/\/www.semanariolocal.cl\/index.php?rest_route=%2Fwp%2Fv2%2Ftags&post=34102"}],"curies":[{"name":"wp","href":"https:\/\/api.w.org\/{rel}","templated":true}]}}