{"id":3403,"date":"2021-12-03T09:34:41","date_gmt":"2021-12-03T12:34:41","guid":{"rendered":"https:\/\/www.semanariolocal.cl\/?p=3403"},"modified":"2021-12-03T09:34:42","modified_gmt":"2021-12-03T12:34:42","slug":"atletismo-damas-finaliza-con-12-medallas-su-participacion-en-juegos-de-la-araucania-2021","status":"publish","type":"post","link":"https:\/\/www.semanariolocal.cl\/?p=3403","title":{"rendered":"Atletismo damas finaliza con 12 medallas su participaci\u00f3n en Juegos de la Araucan\u00eda 2021"},"content":{"rendered":"\n<p style=\"font-size:17px\">Una medalla de oro y cinco de plata sumaron atletas de la Regi\u00f3n de Los Lagos en las \u00faltimas jornadas de competencia, de los Juegos de la Araucan\u00eda Chile 2021, que se realizaron en Valdivia.<\/p>\n\n\n\n<p style=\"font-size:17px\">En la prueba de salto alto, la deportista del Club Deportivo Gerardo Manzanares de Osorno, Laura Bustamante obtuvo el primer lugar, con una marca de 1 metro con 65 cent\u00edmetros.<\/p>\n\n\n\n<p style=\"font-size:17px\">En tanto, las medallas de plata fueron de Arami Fuenzalida del Club Deportivo Puerto Sur de Puerto Montt, quien consigui\u00f3 el segundo lugar en los 200 metros planos, con un tiempo 26,94; Emilia Salas de Osorno en los 3.000 metros planos, con una marca de 11:36, 90; Mariana Garc\u00eda de Puerto Varas en salto largo, con un registro de 5,19 metros; Mar\u00eda Jos\u00e9 Gonz\u00e1lez de Osorno en el lanzamiento del martillo con una marca de 42, 72 metros y finalmente, en el relevo 4 X 400, donde compitieron las atletas osorninas Carola Scheihing y Laura Bustamante y las puertomontinas, Arami Fuenzalida y Paulina Almarza.<\/p>\n\n\n\n<p style=\"font-size:17px\">El Seremi del Deporte, Claus Lindemann, destac\u00f3 el buen desempe\u00f1o de las deportistas que compitieron en la disciplina de atletismo de los Juegos de la Araucan\u00eda Chile 2021, se\u00f1alando que \u201cuna excelente participaci\u00f3n tuvieron las atletas de la regi\u00f3n, es as\u00ed como la delegaci\u00f3n regional regresar\u00e1 con 12 medallas, de las cuales, cinco son de oro y siete de plata, lo cual demuestra el buen nivel competitivo en que se encuentren a pesar de la pandemia, que es fruto del gran talento que tienen, la disciplina y el trabajo realizado junto a sus t\u00e9cnicos durante el a\u00f1o, por lo cual, felicitamos a todas ellas, a sus padres y profesores por los resultados obtenidos en estos Juegos\u201d.<\/p>\n\n\n\n<p style=\"font-size:17px\">Mientras que el equipo de b\u00e1squetbol varones se mantiene invicto, ganando los partidos frente a la Regi\u00f3n de Araucan\u00eda por 85 a 66 puntos, a B\u00edo B\u00edo por 76 a 52 y a Magallanes por 90 a 51 tantos.<\/p>\n","protected":false},"excerpt":{"rendered":"<p>La delegaci\u00f3n consigui\u00f3 cinco preseas de oro y siete de plata en este certamen de car\u00e1cter nacional.<\/p>\n","protected":false},"author":1,"featured_media":3404,"comment_status":"closed","ping_status":"closed","sticky":false,"template":"","format":"standard","meta":{"footnotes":""},"categories":[3],"tags":[],"class_list":["post-3403","post","type-post","status-publish","format-standard","has-post-thumbnail","hentry","category-al-dia"],"_links":{"self":[{"href":"https:\/\/www.semanariolocal.cl\/index.php?rest_route=\/wp\/v2\/posts\/3403","targetHints":{"allow":["GET"]}}],"collection":[{"href":"https:\/\/www.semanariolocal.cl\/index.php?rest_route=\/wp\/v2\/posts"}],"about":[{"href":"https:\/\/www.semanariolocal.cl\/index.php?rest_route=\/wp\/v2\/types\/post"}],"author":[{"embeddable":true,"href":"https:\/\/www.semanariolocal.cl\/index.php?rest_route=\/wp\/v2\/users\/1"}],"replies":[{"embeddable":true,"href":"https:\/\/www.semanariolocal.cl\/index.php?rest_route=%2Fwp%2Fv2%2Fcomments&post=3403"}],"version-history":[{"count":1,"href":"https:\/\/www.semanariolocal.cl\/index.php?rest_route=\/wp\/v2\/posts\/3403\/revisions"}],"predecessor-version":[{"id":3405,"href":"https:\/\/www.semanariolocal.cl\/index.php?rest_route=\/wp\/v2\/posts\/3403\/revisions\/3405"}],"wp:featuredmedia":[{"embeddable":true,"href":"https:\/\/www.semanariolocal.cl\/index.php?rest_route=\/wp\/v2\/media\/3404"}],"wp:attachment":[{"href":"https:\/\/www.semanariolocal.cl\/index.php?rest_route=%2Fwp%2Fv2%2Fmedia&parent=3403"}],"wp:term":[{"taxonomy":"category","embeddable":true,"href":"https:\/\/www.semanariolocal.cl\/index.php?rest_route=%2Fwp%2Fv2%2Fcategories&post=3403"},{"taxonomy":"post_tag","embeddable":true,"href":"https:\/\/www.semanariolocal.cl\/index.php?rest_route=%2Fwp%2Fv2%2Ftags&post=3403"}],"curies":[{"name":"wp","href":"https:\/\/api.w.org\/{rel}","templated":true}]}}