{"id":33908,"date":"2026-03-26T10:30:00","date_gmt":"2026-03-26T13:30:00","guid":{"rendered":"https:\/\/www.semanariolocal.cl\/?p=33908"},"modified":"2026-03-26T21:06:06","modified_gmt":"2026-03-27T00:06:06","slug":"expertas-abordan-los-desafios-del-pais-para-reducir-las-brechas-de-educacion-financiera","status":"publish","type":"post","link":"https:\/\/www.semanariolocal.cl\/?p=33908","title":{"rendered":"Expertas abordan los desaf\u00edos del pa\u00eds para reducir las brechas de educaci\u00f3n financiera"},"content":{"rendered":"\n<p><strong><mark style=\"background-color:#abb8c3\" class=\"has-inline-color has-white-color\">26 de marzo del 2026.-<\/mark><\/strong> La educaci\u00f3n financiera sigue siendo uno de los principales desaf\u00edos del pa\u00eds en materia econ\u00f3mica. De acuerdo con estudios publicados por diferentes organizaciones y universidades, las brechas de conocimiento sobre herramientas financieras contin\u00faan marcadas por factores como la edad, nivel socioecon\u00f3mico y g\u00e9nero, donde las mujeres est\u00e1n entre los grupos m\u00e1s afectados.<\/p>\n\n\n\n<p>Conocer cu\u00e1les son las razones y los principales desaf\u00edos que existen en esta materia, fue el objetivo de un conversatorio organizado por Mi Barrio Financiero, programa impulsado por la Asociaci\u00f3n de Bancos (ABIF) y la Facultad de Econom\u00eda y Negocios de la Universidad de Chile, junto a INACAP, donde destacadas expertas en el \u00e1rea de las finanzas compartieron sus aprendizajes y los desaf\u00edos que ven en la sociedad desde sus respectivas trayectorias.<\/p>\n\n\n\n<p>El panel fue moderado por Tania Sutin, directora Sectorial de Administraci\u00f3n y Servicios en INACAP, y participaron Ver\u00f3nica Kunze, ex vicepresidenta de Banco Estado; Fernanda Vicente, directora de Scotiabank; Tatiana Arce, directora de COMEDUC; y Karina G\u00f3mez, gerente en Fondo Esperanza, quienes conversaron sobre los mitos y realidades en torno a la relaci\u00f3n de las mujeres con las finanzas, y c\u00f3mo la formaci\u00f3n y el acceso a herramientas financieras pueden ampliar oportunidades, derribar estereotipos y fortalecer la autonom\u00eda econ\u00f3mica femenina.<\/p>\n\n\n\n<p>Uno de los puntos abordados fue la necesidad de abrir m\u00e1s espacios de conversaci\u00f3n y aprendizaje para levantar las barreras que limitan el acceso de mujeres al conocimiento financiero y al emprendimiento.<\/p>\n\n\n\n<p>Mejor planificaci\u00f3n pero mayores barreras<\/p>\n\n\n\n<p>De acuerdo con la exvicepresidenta de Banco Estado, las mujeres ahorran m\u00e1s, planifican mejor sus gastos hacia el hogar y son mejores pagadoras, sin embargo, enfrentan barreras estructurales como lagunas laborales y brechas salariales que les impiden acceder a condiciones equitativas. En ese sentido, subray\u00f3 que \u201cel problema ya no es la inclusi\u00f3n, sino que los productos tengan una perspectiva de g\u00e9nero y que logren entender el comportamiento de las mujeres\u00bb.<\/p>\n\n\n\n<p>Otro de los aspectos a considerar en la relaci\u00f3n de las mujeres con las finanzas es el emprendimiento. Karina G\u00f3mez, gerente de Fondo Esperanza, explic\u00f3 que para ellas esta actividad no es una vocaci\u00f3n, sino una necesidad de subsistencia. En esa l\u00ednea, destac\u00f3 que no se puede hablar de inclusi\u00f3n financiera sin considerar la \u00abcrisis de los cuidados\u00bb y sin brindar un acompa\u00f1amiento integral (inclusi\u00f3n social) que ayude a sostener los negocios ante choques externos.<br><br>Al respecto, la directora de Scotiabank, Fernanda Vicente, destac\u00f3 la importancia de acompa\u00f1ar el ciclo de vida completo de las emprendedoras, entendiendo sus realidades complejas, \u201csi pensamos que el 40% de los hogares son monoparentales en Chile, en su mayor\u00eda de una mujer sola que adem\u00e1s tiene que emprender, tenemos que pensar en una redefinici\u00f3n completamente distinta de d\u00f3nde est\u00e1 el sistema financiero en esa nueva realidad\u201d<\/p>\n\n\n\n<p>Otra de las causas de estas brechas estar\u00eda en el sistema educativo. Tatiana Arce, directora de COMEDUC, coment\u00f3 que las brechas existen desde la educaci\u00f3n escolar. Explic\u00f3 que, si bien las ni\u00f1as tienen rendimientos similares a los ni\u00f1os hasta los 10 a\u00f1os, entre los 11 y 17 a\u00f1os estas comienzan a restarse de \u00e1reas como matem\u00e1ticas y finanzas debido a estigmas culturales y menores expectativas.<\/p>\n\n\n\n<p>Advirti\u00f3 que el problema es que la educaci\u00f3n financiera no est\u00e1 evaluada en pruebas como el SIMCE y que es vital entregar herramientas pedag\u00f3gicas a los docentes para cambiar esta realidad desde edades tempranas, \u00abel tema de la brecha se genera desde una problem\u00e1tica que es pedag\u00f3gica, es decir, \u00bfqu\u00e9 herramientas puedo entregar a los docentes que tampoco tuvieron educaci\u00f3n financiera en todo su sistema formativo?\u00bb, destac\u00f3.<\/p>\n","protected":false},"excerpt":{"rendered":"<p>A trav\u00e9s de un conversatorio organizado por la iniciativa Mi Barrio Financiero, junto a Inacap, destacadas profesionales relevaron la importancia de la formaci\u00f3n y el acceso a herramientas financieras para mejorar oportunidades, derribar estereotipos y fortalecer la autonom\u00eda econ\u00f3mica de las mujeres.<\/p>\n","protected":false},"author":1,"featured_media":33909,"comment_status":"closed","ping_status":"closed","sticky":false,"template":"","format":"standard","meta":{"footnotes":""},"categories":[3,12,4284,11,3700,2496,4138,4837],"tags":[2118,337,273,247,133],"class_list":["post-33908","post","type-post","status-publish","format-standard","has-post-thumbnail","hentry","category-al-dia","category-economia","category-economia-familiar","category-educacion","category-finanzas","category-nacional","category-politica-economica","category-tema-pais","tag-semanariolocal","tag-informacion","tag-noticias","tag-region-de-los-lagos","tag-semanario-local"],"_links":{"self":[{"href":"https:\/\/www.semanariolocal.cl\/index.php?rest_route=\/wp\/v2\/posts\/33908","targetHints":{"allow":["GET"]}}],"collection":[{"href":"https:\/\/www.semanariolocal.cl\/index.php?rest_route=\/wp\/v2\/posts"}],"about":[{"href":"https:\/\/www.semanariolocal.cl\/index.php?rest_route=\/wp\/v2\/types\/post"}],"author":[{"embeddable":true,"href":"https:\/\/www.semanariolocal.cl\/index.php?rest_route=\/wp\/v2\/users\/1"}],"replies":[{"embeddable":true,"href":"https:\/\/www.semanariolocal.cl\/index.php?rest_route=%2Fwp%2Fv2%2Fcomments&post=33908"}],"version-history":[{"count":2,"href":"https:\/\/www.semanariolocal.cl\/index.php?rest_route=\/wp\/v2\/posts\/33908\/revisions"}],"predecessor-version":[{"id":33911,"href":"https:\/\/www.semanariolocal.cl\/index.php?rest_route=\/wp\/v2\/posts\/33908\/revisions\/33911"}],"wp:featuredmedia":[{"embeddable":true,"href":"https:\/\/www.semanariolocal.cl\/index.php?rest_route=\/wp\/v2\/media\/33909"}],"wp:attachment":[{"href":"https:\/\/www.semanariolocal.cl\/index.php?rest_route=%2Fwp%2Fv2%2Fmedia&parent=33908"}],"wp:term":[{"taxonomy":"category","embeddable":true,"href":"https:\/\/www.semanariolocal.cl\/index.php?rest_route=%2Fwp%2Fv2%2Fcategories&post=33908"},{"taxonomy":"post_tag","embeddable":true,"href":"https:\/\/www.semanariolocal.cl\/index.php?rest_route=%2Fwp%2Fv2%2Ftags&post=33908"}],"curies":[{"name":"wp","href":"https:\/\/api.w.org\/{rel}","templated":true}]}}