{"id":3380,"date":"2021-12-02T07:15:00","date_gmt":"2021-12-02T10:15:00","guid":{"rendered":"https:\/\/www.semanariolocal.cl\/?p=3380"},"modified":"2021-12-02T12:19:21","modified_gmt":"2021-12-02T15:19:21","slug":"sago-a-g-respalda-proyecto-de-ampliacion-de-aerodromo-de-canal-bajo","status":"publish","type":"post","link":"https:\/\/www.semanariolocal.cl\/?p=3380","title":{"rendered":"SAGO A.G. respalda proyecto de ampliaci\u00f3n de aer\u00f3dromo de Ca\u00f1al Bajo"},"content":{"rendered":"\n<p style=\"font-size:17px\">Su expectativa de que el proyecto de&nbsp; Ampliaci\u00f3n y Mejoramiento del Aer\u00f3dromo Ca\u00f1al Bajo, a cargo de la Direcci\u00f3n de Aeropuertos del MOP, contemple elementos que aporten al mejor desarrollo del tr\u00e1nsito a\u00e9reo, para el mejor servicio a la comunidad y al desarrollo productivo de la zona, manifest\u00f3 la&nbsp;<strong>Sociedad Agr\u00edcola y Ganadera de Osorno (SAGO A.G.)<\/strong>&nbsp;tras participar de la delegaci\u00f3n de autoridades y gremios de las provincias de Osorno (regi\u00f3n de Los Lagos), y del Ranco (regi\u00f3n de Los R\u00edos), que se reuni\u00f3 en Santiago con el Subsecretario de Obras P\u00fablicas, Crist\u00f3bal Leturia.<\/p>\n\n\n\n<p style=\"font-size:17px\"><strong>El Gremio fue representado en el encuentro con la autoridad de Gobierno por su Director Ejecutivo, Christian Arntz<\/strong>, quien valor\u00f3 la disposici\u00f3n del Ministerio para revisar el proyecto, e introducirle las mejoras necesarias para convertir al actual Aer\u00f3dromo de Ca\u00f1al Bajo, en un aeropuerto que permita atender de buena forma la demanda de los habitantes de la comuna de Osorno, y de una serie de ciudades y localidades de su entorno; asi como de los distintos sectores productivos de la zona.<\/p>\n\n\n\n<p style=\"font-size:17px\"><em>\u00ab<strong>Estamos hablando de un aeropuerto que es crucial no solo para la agricultura.&nbsp;<\/strong>En el futuro cercano, productos de alto valor van a poder llegar a todo el mundo en vuelos provenientes de Osorno. Por eso,&nbsp;<strong>tanto nosotros como el resto de los Gremios estamos muy atentos a que este proyecto se concrete<\/strong>, con las caracter\u00edsticas necesarias que permitan la mejor operaci\u00f3n de todas las l\u00edneas a\u00e9reas, de manera de que se convierta en un aporte al desarrollo y la calidad de vida de todos los habitantes de la zona\u00bb<\/em>, se\u00f1al\u00f3 Arntz.<\/p>\n\n\n\n<p style=\"font-size:17px\">El representante de SAGO destac\u00f3 los compromisos alcanzados por las autoridades con la delegaci\u00f3n encabezada por los alcaldes de Osorno, Emeterio Carrillo; y de Puerto Octay, Gerardo Gunckel; adem\u00e1s del representante de la C\u00e1mara de Comercio e Industrias de Osorno, Victoriano Reinares; y personeros municipales.<\/p>\n\n\n\n<p style=\"font-size:17px\"><em>\u00abQuedamos satisfechos con el resultado de este encuentro, porque&nbsp;<strong>obtuvimos respuestas positivas del Subsecretario, en orden a implementar sistemas de apoyo operativos de vuelo<\/strong>, espec\u00edficamente, la incorporaci\u00f3n de un sistema de aterrizaje por instrumentos ILS nivel 3, que permitir\u00e1 la operaci\u00f3n de los aviones aunque no existan las mejores condiciones de visibilidad por niebla o lloviznas; asi como tambi\u00e9n algo muy relevante y solicitado por la comunidad que se ver\u00e1 beneficiada por el terminal a\u00e9reo, como es el poder contar con un sistema de carga de combustible, lo que podr\u00eda incidir en el aumento de operaciones de las distintas l\u00edneas a\u00e9reas, con mayores frecuencias de vuelos, y una mejor oferta para la gente de la zona\u00bb<\/em>, puntualiz\u00f3 el director ejecutivo de SAGO, quien adem\u00e1s se\u00f1al\u00f3 que el Subsecretario del MOP se mostr\u00f3 llano a lo planteado por la delegaci\u00f3n, en orden a que la remodelaci\u00f3n del aeropuerto tenga adem\u00e1s un sentido arquitect\u00f3nico que identifique a los habitantes de la zona, y a las caracter\u00edsticas de su desarrollo productivo.<\/p>\n\n\n\n<p style=\"font-size:17px\"><em>\u00ab<strong>El dise\u00f1o del aeropuerto tiene que reflejar la realidad productiva&nbsp;<\/strong>y cultural de la zona, que es<strong>&nbsp;eminentemente agropecuaria<\/strong>, en que se produce leche, fruta y carnes de excelencia, que podr\u00e1n ser transportadas desde Osorno para llegar v\u00eda a\u00e9rea a los destinos del mundo que prefieran nuestros productos.&nbsp;<strong>Y tambi\u00e9n debe reflejar la composici\u00f3n cultural de nuestra regi\u00f3n, con distintas inmigraciones, presencia de pueblos ind\u00edgenas huilliches, y el patrimonio paleontol\u00f3gico que ha sido descubierto en los pr\u00f3ximos a\u00f1os. Todos estos elementos que nos unen y enorgullecen, deben estar representados<\/strong>\u00ab<\/em>, sostuvo el representante de SAGO.<\/p>\n\n\n\n<p style=\"font-size:17px\">Christian Arntz indic\u00f3 que el desaf\u00edo para la comunidad de las provincias de Osorno y del Ranco, es presentar en el corto plazo la documentaci\u00f3n necesaria para persuadir a las autoridades de la necesidad de incluir en esta intervenci\u00f3n la ampliaci\u00f3n de la pista de aterrizaje hasta los dos mil metros de extensi\u00f3n y no solo los 1950 metros del actual proyecto, que permitir\u00eda considerar no solo el momento actual del terminal a\u00e9reo; sino tener una mirada hacia el futuro, y de este modo, liderar con el terminal a\u00e9reo el crecimiento de una amplia zona de las regiones de Los Lagos y Los R\u00edos.<\/p>\n","protected":false},"excerpt":{"rendered":"<p>Delegaci\u00f3n en la que particip\u00f3 Director Ejecutivo del gremio, dialog\u00f3 en Santiago con Subsecretario del MOP<\/p>\n","protected":false},"author":1,"featured_media":3381,"comment_status":"closed","ping_status":"closed","sticky":false,"template":"","format":"standard","meta":{"footnotes":""},"categories":[20,3],"tags":[],"class_list":["post-3380","post","type-post","status-publish","format-standard","has-post-thumbnail","hentry","category-agro","category-al-dia"],"_links":{"self":[{"href":"https:\/\/www.semanariolocal.cl\/index.php?rest_route=\/wp\/v2\/posts\/3380","targetHints":{"allow":["GET"]}}],"collection":[{"href":"https:\/\/www.semanariolocal.cl\/index.php?rest_route=\/wp\/v2\/posts"}],"about":[{"href":"https:\/\/www.semanariolocal.cl\/index.php?rest_route=\/wp\/v2\/types\/post"}],"author":[{"embeddable":true,"href":"https:\/\/www.semanariolocal.cl\/index.php?rest_route=\/wp\/v2\/users\/1"}],"replies":[{"embeddable":true,"href":"https:\/\/www.semanariolocal.cl\/index.php?rest_route=%2Fwp%2Fv2%2Fcomments&post=3380"}],"version-history":[{"count":1,"href":"https:\/\/www.semanariolocal.cl\/index.php?rest_route=\/wp\/v2\/posts\/3380\/revisions"}],"predecessor-version":[{"id":3382,"href":"https:\/\/www.semanariolocal.cl\/index.php?rest_route=\/wp\/v2\/posts\/3380\/revisions\/3382"}],"wp:featuredmedia":[{"embeddable":true,"href":"https:\/\/www.semanariolocal.cl\/index.php?rest_route=\/wp\/v2\/media\/3381"}],"wp:attachment":[{"href":"https:\/\/www.semanariolocal.cl\/index.php?rest_route=%2Fwp%2Fv2%2Fmedia&parent=3380"}],"wp:term":[{"taxonomy":"category","embeddable":true,"href":"https:\/\/www.semanariolocal.cl\/index.php?rest_route=%2Fwp%2Fv2%2Fcategories&post=3380"},{"taxonomy":"post_tag","embeddable":true,"href":"https:\/\/www.semanariolocal.cl\/index.php?rest_route=%2Fwp%2Fv2%2Ftags&post=3380"}],"curies":[{"name":"wp","href":"https:\/\/api.w.org\/{rel}","templated":true}]}}