{"id":3377,"date":"2021-12-02T07:10:00","date_gmt":"2021-12-02T10:10:00","guid":{"rendered":"https:\/\/www.semanariolocal.cl\/?p=3377"},"modified":"2021-12-02T12:15:51","modified_gmt":"2021-12-02T15:15:51","slug":"junji-seminario-expuso-el-avance-de-la-tecnologia-en-la-educacion-inicial","status":"publish","type":"post","link":"https:\/\/www.semanariolocal.cl\/?p=3377","title":{"rendered":"JUNJI:  Seminario expuso el avance de la tecnolog\u00eda en la educaci\u00f3n inicial"},"content":{"rendered":"\n<p style=\"font-size:17px\">\u201cAdaptabilidad en los Procesos Educativos e Innovaci\u00f3n Tecnol\u00f3gica en la Educaci\u00f3n Parvularia\u00bb se llam\u00f3 el seminario organizado v\u00eda remota entre la JUNJI Los Lagos y la Universidad de Los Lagos (ULA).<\/p>\n\n\n\n<p style=\"font-size:17px\">El director de JUNJI Los Lagos, Eduardo Hern\u00e1ndez, destac\u00f3 este evento como parte de los compromisos instaurados entre ambas instituciones que \u201c<em>ayudan al aprendizaje y sirve para intercambiar experiencias innovadoras enfocadas en la educaci\u00f3n de calidad<\/em>\u201d. En tanto, Oscar Garrido, rector de la ULA, valor\u00f3 la trayectoria de la Carrera de Educaci\u00f3n Parvularia que cumple 50 a\u00f1os en la instituci\u00f3n y la permanente alianza estrat\u00e9gica establecida con JUNJI en el \u00e1mbito acad\u00e9mico.<\/p>\n\n\n\n<p style=\"font-size:17px\">La primera parte trat\u00f3 de una clase magistral a cargo del profesor Roberto Canales, enfocada en la innovaci\u00f3n pedag\u00f3gica. En la segunda tanda, se expusieron las experiencias y trabajos efectuados por tres comunidades educativas en per\u00edodo de pandemia: \u201cPiolin\u201d (Ancud), \u201cGotitas de Laguna\u201d (Llanquihue) y \u201cSue\u00f1os de Colores\u201d (Puerto Montt).<\/p>\n\n\n\n<p style=\"font-size:17px\">En ese sentido, Canales destac\u00f3 el \u00e9xito de la modalidad virtual en estos \u00faltimos dos a\u00f1os, la cual levant\u00f3 muchos desaf\u00edos para la creatividad y la autoformaci\u00f3n de los equipos. \u201c<em>Hubo pr\u00e1cticas educativas de emergencia. No hubo un apag\u00f3n o interrupci\u00f3n en lo pedag\u00f3gico. Se mantuvo esa conexi\u00f3n con los estudiantes y las familias. Pero, se reaccion\u00f3 de forma espont\u00e1nea, muchas veces con escasa preparaci\u00f3n de materiales y contenidos para sostener una educaci\u00f3n a distancia<\/em>\u201d, sostuvo el acad\u00e9mico.<\/p>\n\n\n\n<p style=\"font-size:17px\">La directora del jard\u00edn infantil \u201cPiolin\u201d, Catalina Aguilante, present\u00f3 su espacio llamado \u201cDesde Mi Ventana Pedag\u00f3gica\u201d que const\u00f3 en mostrar las experiencias educativas de las funcionarias y los p\u00e1rvulos, principalmente, en el reforzamiento&nbsp;de instancias remotas a trav\u00e9s de fotograf\u00edas, boletines informativos y el fortalecimiento de los v\u00ednculos afectivos con los ni\u00f1os y ni\u00f1as.<\/p>\n\n\n\n<p style=\"font-size:17px\">La encargada de \u201cGotitas de Laguna\u201d, Paulina Guti\u00e9rrez, resalt\u00f3 su proyecto Radio donde dio a conocer el programa de Cuenta Cuento en Tiempo de COVID-19 (en la estaci\u00f3n Nuevo Amanecer de Llanquihue), donde se desarrollaron tem\u00e1ticas infantiles dirigidas a informar, entretener y educar por medio de este importante medio de comunicaci\u00f3n local.<\/p>\n\n\n\n<p style=\"font-size:17px\">El equipo de \u201cSue\u00f1o de Colores\u201d, a cargo de Flor Barr\u00eda, expuso su programa \u201cSala de Estimulaci\u00f3n\u201d, el cual incentiv\u00f3 la asistencia de los p\u00e1rvulos y la participaci\u00f3n de las familias, una vez establecido el retorno presencial de las actividades pedag\u00f3gicas de los jardines infantiles. Esto, por medio de reconocer sus espacios, materiales, documentaci\u00f3n y aportes educativos, con el prop\u00f3sito de reforzar las confianzas tras las cuarentenas y las suspensiones de actividades.<\/p>\n","protected":false},"excerpt":{"rendered":"<p>Encargadas de jardines infantiles JUNJI, estudiantes de la Carrera de Educaci\u00f3n Parvularia y acad\u00e9micos de la ULA expusieron sus experiencias innovadoras implementadas en la ense\u00f1anza a distancia en tiempos de pandemia<\/p>\n","protected":false},"author":1,"featured_media":3378,"comment_status":"closed","ping_status":"closed","sticky":false,"template":"","format":"standard","meta":{"footnotes":""},"categories":[11],"tags":[36,35],"class_list":["post-3377","post","type-post","status-publish","format-standard","has-post-thumbnail","hentry","category-educacion","tag-jardines-infantiles","tag-junji"],"_links":{"self":[{"href":"https:\/\/www.semanariolocal.cl\/index.php?rest_route=\/wp\/v2\/posts\/3377","targetHints":{"allow":["GET"]}}],"collection":[{"href":"https:\/\/www.semanariolocal.cl\/index.php?rest_route=\/wp\/v2\/posts"}],"about":[{"href":"https:\/\/www.semanariolocal.cl\/index.php?rest_route=\/wp\/v2\/types\/post"}],"author":[{"embeddable":true,"href":"https:\/\/www.semanariolocal.cl\/index.php?rest_route=\/wp\/v2\/users\/1"}],"replies":[{"embeddable":true,"href":"https:\/\/www.semanariolocal.cl\/index.php?rest_route=%2Fwp%2Fv2%2Fcomments&post=3377"}],"version-history":[{"count":1,"href":"https:\/\/www.semanariolocal.cl\/index.php?rest_route=\/wp\/v2\/posts\/3377\/revisions"}],"predecessor-version":[{"id":3379,"href":"https:\/\/www.semanariolocal.cl\/index.php?rest_route=\/wp\/v2\/posts\/3377\/revisions\/3379"}],"wp:featuredmedia":[{"embeddable":true,"href":"https:\/\/www.semanariolocal.cl\/index.php?rest_route=\/wp\/v2\/media\/3378"}],"wp:attachment":[{"href":"https:\/\/www.semanariolocal.cl\/index.php?rest_route=%2Fwp%2Fv2%2Fmedia&parent=3377"}],"wp:term":[{"taxonomy":"category","embeddable":true,"href":"https:\/\/www.semanariolocal.cl\/index.php?rest_route=%2Fwp%2Fv2%2Fcategories&post=3377"},{"taxonomy":"post_tag","embeddable":true,"href":"https:\/\/www.semanariolocal.cl\/index.php?rest_route=%2Fwp%2Fv2%2Ftags&post=3377"}],"curies":[{"name":"wp","href":"https:\/\/api.w.org\/{rel}","templated":true}]}}