{"id":33631,"date":"2026-03-12T23:30:00","date_gmt":"2026-03-13T02:30:00","guid":{"rendered":"https:\/\/www.semanariolocal.cl\/?p=33631"},"modified":"2026-03-13T14:43:28","modified_gmt":"2026-03-13T17:43:28","slug":"el-efecto-en-chile-del-realismo-economico-chino","status":"publish","type":"post","link":"https:\/\/www.semanariolocal.cl\/?p=33631","title":{"rendered":"El efecto en Chile del realismo econ\u00f3mico chino"},"content":{"rendered":"\n<p><strong><mark style=\"background-color:#abb8c3\" class=\"has-inline-color has-white-color\">12 de marzo del 2026.-<\/mark><\/strong> El anuncio proveniente de Beijing est\u00e1 afectando con fuerza a los mercados globales: China ha fijado su meta de crecimiento econ\u00f3mico para el presente a\u00f1o en un rango de entre 4,5% y 5%. Para cualquier otra econom\u00eda del G20, e incluso para el resto de los pa\u00edses, estas cifras ser\u00edan motivo de celebraci\u00f3n, pero para el gigante asi\u00e1tico representan la meta m\u00e1s conservadora desde el a\u00f1o 1991. Esta especie de realismo econ\u00f3mico, sumado tambi\u00e9n a una moderaci\u00f3n en el crecimiento en el gasto militar, marca un punto de inflexi\u00f3n no solo para la administraci\u00f3n del actual presidente chino, Xi Jinping,sino para la arquitectura comercial de la cual Chile es un actor dependiente.<\/p>\n\n\n\n<p>El establecimiento de esta meta no debe ser considerado un hecho aislado, sino el cumplimiento de problemas estructurales que la econom\u00eda china no puede dejar de ignorar. Por ejemplo, el sector inmobiliario, que durante d\u00e9cadas represent\u00f3 un porcentaje importante del PIB chino, contin\u00faa en un proceso de desaceleraci\u00f3n. A esto se suma una crisis demogr\u00e1fica que reduce la fuerza laboral y una demanda interna que no logra compensar la ca\u00edda que ha venido mostrando el consumo de la econom\u00eda mundial.<\/p>\n\n\n\n<p>Con este escenario, estamos observando una transici\u00f3n desde una econom\u00eda impulsada por la inversi\u00f3n en infraestructura pesada hacia una enfocada en las nuevas fuerzas productivas como son los semiconductores, energ\u00eda verde y biotecnolog\u00eda. Sin embargo, estos sectores de alta tecnolog\u00eda a\u00fan no tienen la escala suficiente para sustituir el motor inmobiliario de la econom\u00eda china.<\/p>\n\n\n\n<p>Quiz\u00e1s lo m\u00e1s sorprendente sea la moderaci\u00f3n en el gasto militar, ya que, en un contexto de tensiones internacionales en diferentes flancos, Beijing ha optado por un crecimiento presupuestario en defensa m\u00e1s alineado con el avance del PIB. Este movimiento sugiere una prioridad clara y que se relaciona con la estabilidad social interna y la solvencia fiscal, que superan, por ahora, la expansi\u00f3n militar acelerada. El gobierno chino entiende que su legitimidad depende de la capacidad de evitar lo que se conoce como la trampa del ingreso medio en un entorno de deflaci\u00f3n persistente.<\/p>\n\n\n\n<p>Para una econom\u00eda como la chilena, este enfriamiento es una se\u00f1al de alerta, pues China consume cerca del 50% del cobre mundial; una meta de crecimiento moderada sugiere que el ciclo de precios de los commodities podr\u00eda entrar en una fase de mayor volatilidad. Si el crecimiento chino se estabiliza en el 4,5%, la presi\u00f3n sobre el crecimiento de nuestra econom\u00eda ser\u00e1 persistente. La lecci\u00f3n que se debe obtener de los \u00faltimos acontecimientos es que como econom\u00eda no podemos seguir descansando en la inercia del crecimiento chino. La diversificaci\u00f3n de la canasta exportadora y la incorporaci\u00f3n de valor en estas es de suma urgencia.<\/p>\n\n\n\n<p>China ha decidido priorizar la calidad de su producci\u00f3n por sobre la cantidad. Al abandonar las metas de crecimiento de dos d\u00edgitos de los \u00faltimos a\u00f1os, el gigante asi\u00e1tico nos est\u00e1 enviando un mensaje de madurez econ\u00f3mica, pero tambi\u00e9n de fragilidad. El 2026 ser\u00e1 el a\u00f1o en que el mundo deba aprender a convivir con una China m\u00e1s lenta, m\u00e1s cauta y, posiblemente, m\u00e1s volcada hacia su propio mercado interno. Para Chile, el desaf\u00edo ser\u00e1 mantener el equilibrio en una cuerda floja donde nuestra principal locomotora econ\u00f3mica ha decidido bajar la velocidad.<\/p>\n\n\n\n<p>MG Gonzalo Escobar Elexpuru \u2013 Acad\u00e9mico Facultad de Econom\u00eda y Negocios UNAB<\/p>\n","protected":false},"excerpt":{"rendered":"<p>Estamos observando una transici\u00f3n desde una econom\u00eda impulsada por la inversi\u00f3n en infraestructura pesada hacia una enfocada en las nuevas fuerzas productivas.<\/p>\n","protected":false},"author":1,"featured_media":33632,"comment_status":"closed","ping_status":"closed","sticky":false,"template":"","format":"standard","meta":{"footnotes":""},"categories":[12,2406,2890,7,4825],"tags":[2118,4868,337,273,247,133,1925],"class_list":["post-33631","post","type-post","status-publish","format-standard","has-post-thumbnail","hentry","category-economia","category-empresas","category-internacional","category-opinion","category-politica-internacional","tag-semanariolocal","tag-gonzalo-escobar-elexpuru","tag-informacion","tag-noticias","tag-region-de-los-lagos","tag-semanario-local","tag-unab"],"_links":{"self":[{"href":"https:\/\/www.semanariolocal.cl\/index.php?rest_route=\/wp\/v2\/posts\/33631","targetHints":{"allow":["GET"]}}],"collection":[{"href":"https:\/\/www.semanariolocal.cl\/index.php?rest_route=\/wp\/v2\/posts"}],"about":[{"href":"https:\/\/www.semanariolocal.cl\/index.php?rest_route=\/wp\/v2\/types\/post"}],"author":[{"embeddable":true,"href":"https:\/\/www.semanariolocal.cl\/index.php?rest_route=\/wp\/v2\/users\/1"}],"replies":[{"embeddable":true,"href":"https:\/\/www.semanariolocal.cl\/index.php?rest_route=%2Fwp%2Fv2%2Fcomments&post=33631"}],"version-history":[{"count":1,"href":"https:\/\/www.semanariolocal.cl\/index.php?rest_route=\/wp\/v2\/posts\/33631\/revisions"}],"predecessor-version":[{"id":33633,"href":"https:\/\/www.semanariolocal.cl\/index.php?rest_route=\/wp\/v2\/posts\/33631\/revisions\/33633"}],"wp:featuredmedia":[{"embeddable":true,"href":"https:\/\/www.semanariolocal.cl\/index.php?rest_route=\/wp\/v2\/media\/33632"}],"wp:attachment":[{"href":"https:\/\/www.semanariolocal.cl\/index.php?rest_route=%2Fwp%2Fv2%2Fmedia&parent=33631"}],"wp:term":[{"taxonomy":"category","embeddable":true,"href":"https:\/\/www.semanariolocal.cl\/index.php?rest_route=%2Fwp%2Fv2%2Fcategories&post=33631"},{"taxonomy":"post_tag","embeddable":true,"href":"https:\/\/www.semanariolocal.cl\/index.php?rest_route=%2Fwp%2Fv2%2Ftags&post=33631"}],"curies":[{"name":"wp","href":"https:\/\/api.w.org\/{rel}","templated":true}]}}