{"id":33622,"date":"2026-03-13T13:49:27","date_gmt":"2026-03-13T16:49:27","guid":{"rendered":"https:\/\/www.semanariolocal.cl\/?p=33622"},"modified":"2026-03-13T13:49:30","modified_gmt":"2026-03-13T16:49:30","slug":"osorno-celebrara-sus-468-anos-de-historia-junto-a-los-tres-tenores-chilenos","status":"publish","type":"post","link":"https:\/\/www.semanariolocal.cl\/?p=33622","title":{"rendered":"Osorno celebrar\u00e1 sus 468 a\u00f1os de historia junto a los \u00abtres tenores chilenos\u00bb"},"content":{"rendered":"\n<p><strong><mark style=\"background-color:#abb8c3\" class=\"has-inline-color has-white-color\">13 de marzo del 2026.-<\/mark><\/strong> Alcalde Jaime Bertin junto a los concejales Arturo Buschmann, Juan Carlos Vel\u00e1squez, Francisco Razazi y Mar\u00eda Teresa presentaron el programa oficial del nuevo aniversario de Osorno, en acto junto a la prensa local, desarrollado en la Sala de Sesiones del municipio osornino.<\/p>\n\n\n\n<p>Se inform\u00f3 que ser\u00e1n m\u00e1s de una veintena de actividades, cuyo sello es el acceso gratuito a todas y la orientaci\u00f3n familiar, un nutrido programa de actividades que tambi\u00e9n considera el retorno de la \u201cMEDIA MARAT\u00d3N REINALDO MARTIN\u201d, \u201cOSORNO SUNSET\u201d cita social con un Dj que mezclar\u00e1 m\u00fasica para disfrutar de forma relajada en el Parque Cuarto Centenario.<\/p>\n\n\n\n<p>Respecto al Concierto Aniversario \u201cLOS TRES TENORES CHILENOS\u201d en Osorno, la autoridad edilicia manifest\u00f3 que se trata de un espect\u00e1culo que combina excelencia vocal, m\u00fasica docta y popular de la historia universal. Ser\u00e1 una propuesta muy cercana al p\u00fablico, que se convertir\u00e1 en una experiencia de gran impacto y valor cultural, con la presentaci\u00f3n de los afamados artistas l\u00edricos Jos\u00e9 Az\u00f3car, Gonzalo Tomckowiak y Leonardo Pohl.<\/p>\n\n\n\n<p>Durante el acto de lanzamiento del programa de aniversario de Osorno, el alcalde&nbsp;<strong>Jaime Bertin&nbsp;<\/strong>record\u00f3 que la fundaci\u00f3n de Osorno fue el 27 de marzo de 1558, la efem\u00e9ride m\u00e1s importante de la ciudad, de all\u00ed la presentaci\u00f3n de la parrilla program\u00e1tica de&nbsp;<strong><em>\u201ceventos sociales, culturales y deportivos que tienen por objetivo abrir espacios de convivencia para los habitantes de la comuna\u201d<\/em><\/strong>, manifest\u00f3.<\/p>\n\n\n\n<p>Destac\u00f3 tambi\u00e9n la tradicional CORRIDA \u201cMARCIA OJEDA D\u00cdAZ\u201d que este a\u00f1o considera las distancias de 3K recreativa y 6K competitiva. Se realizar\u00e1 el domingo 22 de marzo, y cuya largada ser\u00e1 en el frontis del Cesfam Ovejer\u00eda.<\/p>\n\n\n\n<p>Otros de los eventos destacados son el DESFILE ANIVERSARIO DE OSORNO, que tendr\u00e1 lugar el d\u00eda jueves 27 de marzo, a las 11:00 horas, en el Parque Chuyaca, mientras que la CUENTA P\u00daBLICA DE LA GESTI\u00d3N MUNICIPAL ANUAL 2025 ser\u00e1 el mismo viernes 27 de marzo, a partir de las 20:00 horas, en el Hotel Sonesta, en calle Ej\u00e9rcito #395, Rahue Bajo.<\/p>\n\n\n\n<p>Los festejos este 2026 consideran un novedoso evento social denominado \u201cRURAL\u00cdSIMA\u201d, fiesta musical y gastron\u00f3mica a realizarse el s\u00e1bado 11 de abril, en Plaza de Armas, que busca visibilizar a los emprendedores rurales, que han apostado por darle un valor agregado a sus productos. Se montar\u00e1 una exposici\u00f3n y un escenario con artistas locales.<\/p>\n","protected":false},"excerpt":{"rendered":"<p>La autoridad edilicia manifest\u00f3 que se trata de un espect\u00e1culo que combina excelencia vocal, m\u00fasica docta y popular de la historia universal. <\/p>\n","protected":false},"author":1,"featured_media":33623,"comment_status":"closed","ping_status":"closed","sticky":false,"template":"","format":"standard","meta":{"footnotes":""},"categories":[3,8,4353,6],"tags":[2118,337,273,132,247,133],"class_list":["post-33622","post","type-post","status-publish","format-standard","has-post-thumbnail","hentry","category-al-dia","category-comunas","category-osorno","category-politica","tag-semanariolocal","tag-informacion","tag-noticias","tag-osorno","tag-region-de-los-lagos","tag-semanario-local"],"_links":{"self":[{"href":"https:\/\/www.semanariolocal.cl\/index.php?rest_route=\/wp\/v2\/posts\/33622","targetHints":{"allow":["GET"]}}],"collection":[{"href":"https:\/\/www.semanariolocal.cl\/index.php?rest_route=\/wp\/v2\/posts"}],"about":[{"href":"https:\/\/www.semanariolocal.cl\/index.php?rest_route=\/wp\/v2\/types\/post"}],"author":[{"embeddable":true,"href":"https:\/\/www.semanariolocal.cl\/index.php?rest_route=\/wp\/v2\/users\/1"}],"replies":[{"embeddable":true,"href":"https:\/\/www.semanariolocal.cl\/index.php?rest_route=%2Fwp%2Fv2%2Fcomments&post=33622"}],"version-history":[{"count":1,"href":"https:\/\/www.semanariolocal.cl\/index.php?rest_route=\/wp\/v2\/posts\/33622\/revisions"}],"predecessor-version":[{"id":33624,"href":"https:\/\/www.semanariolocal.cl\/index.php?rest_route=\/wp\/v2\/posts\/33622\/revisions\/33624"}],"wp:featuredmedia":[{"embeddable":true,"href":"https:\/\/www.semanariolocal.cl\/index.php?rest_route=\/wp\/v2\/media\/33623"}],"wp:attachment":[{"href":"https:\/\/www.semanariolocal.cl\/index.php?rest_route=%2Fwp%2Fv2%2Fmedia&parent=33622"}],"wp:term":[{"taxonomy":"category","embeddable":true,"href":"https:\/\/www.semanariolocal.cl\/index.php?rest_route=%2Fwp%2Fv2%2Fcategories&post=33622"},{"taxonomy":"post_tag","embeddable":true,"href":"https:\/\/www.semanariolocal.cl\/index.php?rest_route=%2Fwp%2Fv2%2Ftags&post=33622"}],"curies":[{"name":"wp","href":"https:\/\/api.w.org\/{rel}","templated":true}]}}