{"id":33611,"date":"2026-03-13T12:58:41","date_gmt":"2026-03-13T15:58:41","guid":{"rendered":"https:\/\/www.semanariolocal.cl\/?p=33611"},"modified":"2026-03-13T13:05:40","modified_gmt":"2026-03-13T16:05:40","slug":"de-grange-y-sedini-son-los-ministros-con-mayor-impacto-en-el-mundo-digital","status":"publish","type":"post","link":"https:\/\/www.semanariolocal.cl\/?p=33611","title":{"rendered":"De Grange y Sedini son los ministros con mayor impacto en el mundo digital"},"content":{"rendered":"\n<p><strong><mark style=\"background-color:#abb8c3\" class=\"has-inline-color has-white-color\">13 de Marzo del 2026.- <\/mark><\/strong>Y luego de los abrazos y fotograf\u00edas protocolares llega el inicio de labores, comenzando ya a instalarse los protagonismos de este nuevo ciclo pol\u00edtico.\u00a0<\/p>\n\n\n\n<p>La consultora Simbiu, observ\u00f3 el desempe\u00f1o digital (en redes sociales y medios de comunicaci\u00f3n) de los nuevos ministros y ministras de Jos\u00e9 Antonio Kast desde su nombramiento a mediados de enero, contabilizando 14.300 alusiones directas a los titulares de las nuevas carteras, que generaron 2.7 millones de interacciones entre los internautas. Considerando todo el periodo, se observ\u00f3 que hay un personaje que concentra mayoritariamente la atenci\u00f3n: la ministra vocera de Gobierno, Mara Sedini, con un 33.8%. Tambi\u00e9n se destacan, aunque con menor presencia los secretarios Trinidad Steinert (Seguridad) con un 13.4%; Fernando Rabat (Justicia y DD.HH.), con el 10.9%; Fernando Barros (Defensa), con un 8.9%; y Francisco P\u00e9rez Mackenna (RR.EE.), con el 6.8% de las referencias.<\/p>\n\n\n\n<p><strong>Cable chino y otras pol\u00e9micas<\/strong><\/p>\n\n\n\n<p>Por su rol de ser la portavoz del nuevo Gobierno, Sedini ha debido enfrentar diversas pol\u00e9micas que le han hecho marcar peaks de presencia en la conversaci\u00f3n digital chilena durante los \u00faltimos meses, con un desempe\u00f1o que ha tenido un alto porcentaje de rechazo (29.8% negativo frente a un 7% positivo). Desde la controversia por el supuesto mal manejo del timing en el nombramiento de Trinidad Steinert en Seguridad y las suspicacias ante las aclaraciones entregadas por la futura vocera; las explicaciones por la presencia del escudo nacional en la banda presidencial que utiliz\u00f3 Jos\u00e9 Antonio Kast para su foto oficial; su reuni\u00f3n con la ministra saliente Camila Vallejo; y el quiebre de las bilaterales entre Gobierno entrante y saliente tras la frustrada reuni\u00f3n Boric-Kast por sus diferencias sobre la informaci\u00f3n por el proyecto de instalaci\u00f3n de cable de fibra \u00f3ptica entre China y Chile; han sido algunos de los hitos que marcan la previa de la nueva titular de la Secretar\u00eda General de Gobierno. Ya en sus primeros d\u00edas, se destacan sus declaraciones en seguridad p\u00fablica tras conocerse el brutal ataque al ex constituyente Rodrigo Rojas Vade.&nbsp;&nbsp;<\/p>\n\n\n\n<p>Entre los dem\u00e1s ministros, se observa una tendencia similar en cuanto a la favorabilidad, con Fernando Rabat, Louis de Grange y Fernando Barros posicion\u00e1ndose tambi\u00e9n como los secretarios de Estado con mayor apreciaci\u00f3n desfavorable en el inicio de funciones (32.7%, 22%, y 19.5%, respectivamente). Por su parte, el nuevo ministro de Econom\u00eda, Daniel Mas, es quien presenta el mayor porcentaje de interacciones favorables (19.2% y un 6.9% negativo). Ning\u00fan otro ministro figura con un porcentaje positivo mayor al 10%.<\/p>\n\n\n\n<p>Seg\u00fan Leonardo Hern\u00e1ndez, gerente de Comunicaciones de Simbiu, \u201clas cifras que observamos, particularmente en el \u00e1mbito de favorabilidad, presentan por una parte un riesgo importante debido a la predisposici\u00f3n negativa de las audiencias digitales que existe ya frente a ministras y ministros que llegan con una carga ya sea por su pasado cercano a la dictadura o que han sido asociados a esc\u00e1ndalos como colusiones, o con un perfil pol\u00edtico conflictivo, como las ministras de Mujer y Segegob o el de Vivienda. Sin embargo, tambi\u00e9n se ve que existe un gran potencial de crecimiento en lo positivo basado en que hasta ahora la mayor\u00eda son personajes no tan conocidos p\u00fablicamente y elevar estos porcentajes depender\u00e1 de su propia gesti\u00f3n y del cumplimiento de las expectativas que han generado a nivel program\u00e1tico.\u201d<\/p>\n\n\n\n<p><strong>Conversaci\u00f3n digital concentrada en hombres j\u00f3venes<\/strong><\/p>\n\n\n\n<p>Seg\u00fan consign\u00f3 Simbiu, la mayor\u00eda de las publicaciones e interacciones son realizadas por hombres (67%), en un rango etario de 25 a 34 a\u00f1os (49%), seguido del grupo de 18 a 24 (23%). Adem\u00e1s, tanto hombres como mujeres muestran un alto porcentaje de publicaciones negativas (27% en ambos casos), aunque en las favorables la tendencia levemente aumenta en el p\u00fablico femenino (10.9% frente a 8.6% de los varones). La mayor cantidad de interacciones se observ\u00f3 en la red social \u201cX\u201d (ex Twitter), con un 52% del total, mientras que medios noticiosos digitales acaparan un 28% de la muestra. Precisamente entre \u00e9stos est\u00e1n los 10 principales influenciadores de la conversaci\u00f3n, sin destacarse ning\u00fan \u201ctuitero\u201d en particular, como s\u00ed se ha observado en estudios pol\u00edticos anteriores, en los que las interacciones eran lideradas por \u201chaters\u201d.<\/p>\n","protected":false},"excerpt":{"rendered":"<p>Las pol\u00e9micas y desencuentros de las \u00faltimas semanas entre el Gobierno saliente y la nueva administraci\u00f3n hac\u00edan prever un \u00e1spero cambio de mando. Sin embargo, las recriminaciones y las desconfianzas entre los equipos ministeriales finalmente no enlodaron el camino y la tradici\u00f3n republicana imper\u00f3 durante la ceremonia del pasado mi\u00e9rcoles.<\/p>\n","protected":false},"author":1,"featured_media":33614,"comment_status":"closed","ping_status":"closed","sticky":false,"template":"","format":"standard","meta":{"footnotes":""},"categories":[3,2889,9,4584,2496,3816,6],"tags":[2118,337,273,247,133],"class_list":["post-33611","post","type-post","status-publish","format-standard","has-post-thumbnail","hentry","category-al-dia","category-analisis","category-gobierno","category-ministerio","category-nacional","category-partidos-politicos","category-politica","tag-semanariolocal","tag-informacion","tag-noticias","tag-region-de-los-lagos","tag-semanario-local"],"_links":{"self":[{"href":"https:\/\/www.semanariolocal.cl\/index.php?rest_route=\/wp\/v2\/posts\/33611","targetHints":{"allow":["GET"]}}],"collection":[{"href":"https:\/\/www.semanariolocal.cl\/index.php?rest_route=\/wp\/v2\/posts"}],"about":[{"href":"https:\/\/www.semanariolocal.cl\/index.php?rest_route=\/wp\/v2\/types\/post"}],"author":[{"embeddable":true,"href":"https:\/\/www.semanariolocal.cl\/index.php?rest_route=\/wp\/v2\/users\/1"}],"replies":[{"embeddable":true,"href":"https:\/\/www.semanariolocal.cl\/index.php?rest_route=%2Fwp%2Fv2%2Fcomments&post=33611"}],"version-history":[{"count":1,"href":"https:\/\/www.semanariolocal.cl\/index.php?rest_route=\/wp\/v2\/posts\/33611\/revisions"}],"predecessor-version":[{"id":33613,"href":"https:\/\/www.semanariolocal.cl\/index.php?rest_route=\/wp\/v2\/posts\/33611\/revisions\/33613"}],"wp:featuredmedia":[{"embeddable":true,"href":"https:\/\/www.semanariolocal.cl\/index.php?rest_route=\/wp\/v2\/media\/33614"}],"wp:attachment":[{"href":"https:\/\/www.semanariolocal.cl\/index.php?rest_route=%2Fwp%2Fv2%2Fmedia&parent=33611"}],"wp:term":[{"taxonomy":"category","embeddable":true,"href":"https:\/\/www.semanariolocal.cl\/index.php?rest_route=%2Fwp%2Fv2%2Fcategories&post=33611"},{"taxonomy":"post_tag","embeddable":true,"href":"https:\/\/www.semanariolocal.cl\/index.php?rest_route=%2Fwp%2Fv2%2Ftags&post=33611"}],"curies":[{"name":"wp","href":"https:\/\/api.w.org\/{rel}","templated":true}]}}