{"id":33605,"date":"2026-03-13T08:00:00","date_gmt":"2026-03-13T11:00:00","guid":{"rendered":"https:\/\/www.semanariolocal.cl\/?p=33605"},"modified":"2026-03-13T12:48:19","modified_gmt":"2026-03-13T15:48:19","slug":"delegacion-cientifica-de-eeuu-conocio-experiencia-educativa-de-escuela-rural-quilquico","status":"publish","type":"post","link":"https:\/\/www.semanariolocal.cl\/?p=33605","title":{"rendered":"Delegaci\u00f3n cient\u00edfica de EEUU conoci\u00f3 experiencia educativa de Escuela Rural Quilquico."},"content":{"rendered":"\n<p><strong><mark style=\"background-color:#abb8c3\" class=\"has-inline-color has-white-color\">13 de Marzo del 2026.-<\/mark><\/strong> Por tercer a\u00f1o consecutivo una delegaci\u00f3n de acad\u00e9micos y cient\u00edficos de Estados Unidos pertenecientes a la Misi\u00f3n Patagonia \u2013 Guardianes de la Naturaleza, visitaron la Escuela Rural Quilquico de la comuna de Castro, a fin de conocer su proyecto educativo con sentido territorial.<\/p>\n\n\n\n<p>En la instancia los docentes y estudiantes expusieron el proyecto de recolecci\u00f3n y potabilizaci\u00f3n, as\u00ed como la iniciativa de Mini Jard\u00edn Bot\u00e1nico en donde se expresa el sello medioambiental, el patrimonio cultural y la vinculaci\u00f3n con la comunidad como visi\u00f3n de la responsabilidad de la educaci\u00f3n p\u00fablica con sus comunidades.<\/p>\n\n\n\n<p>\u201cEste tipo de instancias tiene un impacto transformador en las comunidades educativas. Poder tener un encuentro verbal, presencial a trav\u00e9s de las iniciativas cient\u00edficas, es realmente una experiencia que nos marca y los invita a los estudiantes a conocer el mundo\u201d, dijo la docente encargada de este plantel, Andrea Teiguel.<\/p>\n\n\n\n<p>Los estudiantes vivieron una experiencia \u00fanica de intercambio cultural y acad\u00e9mico, donde presentaron tambi\u00e9n el proyecto Botiqu\u00edn Herbario y reflexionaron sobre la problem\u00e1tica de la extracci\u00f3n del pompon, destacando c\u00f3mo el patrimonio cultural puede transformarse en una poderosa herramienta para impulsar la educaci\u00f3n ambiental y el cuidado del entorno desde una mirada comunitaria.<\/p>\n\n\n\n<p>\u201cDada las preguntas que se fueron realizando, la experiencia para los estudiantes fue muy motivadora, tener cient\u00edficos internacionales que vengan a conocer lo que se hace en materia medioambiental es un orgullo para la comunidad educativa. Nos llevamos el desaf\u00edo de planificar salidas al extranjero de nuestros ni\u00f1os para que puedan ir a exponer, es muy importante esta alianza\u201d, se\u00f1al\u00f3 el director ejecutivo de SLEP Chilo\u00e9, Pablo Baeza.<\/p>\n\n\n\n<p>La visita persigui\u00f3 principalmente el intercambio de conocimiento entre la comunidad educativa y los cient\u00edficos extranjeros que cada a\u00f1o visitan la Reserva Elemental Melimoyu.<\/p>\n\n\n\n<p>\u201cEste es un intercambio de conocimiento que hacemos con los ni\u00f1os y los cient\u00edficos que traemos para el programa, as\u00ed les explicamos como es la educaci\u00f3n ambiental y que es lo que se esta haciendo, como tambi\u00e9n el gran patrimonial cultural y ambiental que tenemos en Chile. Nos vamos con el coraz\u00f3n lleno, se nota que los ni\u00f1os tienen muchas ganas de aprender, el grupo de cient\u00edficos qued\u00f3 muy emocionado por todo lo visto\u201d, indic\u00f3 Pablo Landeta de la Reserva Elemental Melimoyu.<\/p>\n\n\n\n<p>La delegaci\u00f3n internacional, integrada por Amy Barraciough, E. U. Bell, Dan Hill, Cathy Kindem, Hamza Malik y Amy Oliver, comparti\u00f3 sus hallazgos cient\u00edficos y su compromiso con mejorar la calidad de vida de las personas a trav\u00e9s de la ciencia, la astrof\u00edsica, la protecci\u00f3n de la fauna nativa y la educaci\u00f3n vinculada al medioambiente. Asimismo, abordaron temas como la educaci\u00f3n ambiental en EEUU, la importancia de la conservaci\u00f3n de parques, humedales, de la educaci\u00f3n astron\u00f3mica a temprana edad y del ingl\u00e9s como idioma en temas cient\u00edficos y tecnol\u00f3gicos.<\/p>\n","protected":false},"excerpt":{"rendered":"<p>Estudiantes presentaron entre otros, el botiqu\u00edn herbario y dialogaron sobre el pomp\u00f3n.<\/p>\n","protected":false},"author":1,"featured_media":33606,"comment_status":"closed","ping_status":"closed","sticky":false,"template":"","format":"standard","meta":{"footnotes":""},"categories":[3,4422,8,11,2483],"tags":[2118,337,273,247,133],"class_list":["post-33605","post","type-post","status-publish","format-standard","has-post-thumbnail","hentry","category-al-dia","category-chiloe","category-comunas","category-educacion","category-region","tag-semanariolocal","tag-informacion","tag-noticias","tag-region-de-los-lagos","tag-semanario-local"],"_links":{"self":[{"href":"https:\/\/www.semanariolocal.cl\/index.php?rest_route=\/wp\/v2\/posts\/33605","targetHints":{"allow":["GET"]}}],"collection":[{"href":"https:\/\/www.semanariolocal.cl\/index.php?rest_route=\/wp\/v2\/posts"}],"about":[{"href":"https:\/\/www.semanariolocal.cl\/index.php?rest_route=\/wp\/v2\/types\/post"}],"author":[{"embeddable":true,"href":"https:\/\/www.semanariolocal.cl\/index.php?rest_route=\/wp\/v2\/users\/1"}],"replies":[{"embeddable":true,"href":"https:\/\/www.semanariolocal.cl\/index.php?rest_route=%2Fwp%2Fv2%2Fcomments&post=33605"}],"version-history":[{"count":1,"href":"https:\/\/www.semanariolocal.cl\/index.php?rest_route=\/wp\/v2\/posts\/33605\/revisions"}],"predecessor-version":[{"id":33607,"href":"https:\/\/www.semanariolocal.cl\/index.php?rest_route=\/wp\/v2\/posts\/33605\/revisions\/33607"}],"wp:featuredmedia":[{"embeddable":true,"href":"https:\/\/www.semanariolocal.cl\/index.php?rest_route=\/wp\/v2\/media\/33606"}],"wp:attachment":[{"href":"https:\/\/www.semanariolocal.cl\/index.php?rest_route=%2Fwp%2Fv2%2Fmedia&parent=33605"}],"wp:term":[{"taxonomy":"category","embeddable":true,"href":"https:\/\/www.semanariolocal.cl\/index.php?rest_route=%2Fwp%2Fv2%2Fcategories&post=33605"},{"taxonomy":"post_tag","embeddable":true,"href":"https:\/\/www.semanariolocal.cl\/index.php?rest_route=%2Fwp%2Fv2%2Ftags&post=33605"}],"curies":[{"name":"wp","href":"https:\/\/api.w.org\/{rel}","templated":true}]}}