{"id":33591,"date":"2026-03-11T09:00:00","date_gmt":"2026-03-11T12:00:00","guid":{"rendered":"https:\/\/www.semanariolocal.cl\/?p=33591"},"modified":"2026-03-11T11:45:06","modified_gmt":"2026-03-11T14:45:06","slug":"estudio-advierte-que-la-sepsis-es-hoy-la-tercera-causa-de-muerte-en-chile","status":"publish","type":"post","link":"https:\/\/www.semanariolocal.cl\/?p=33591","title":{"rendered":"Estudio advierte que la sepsis es hoy la tercera causa de muerte en Chile"},"content":{"rendered":"\n<p><strong><mark style=\"background-color:#abb8c3\" class=\"has-inline-color has-white-color\">11 de Marzo del 2026.-<\/mark><\/strong> Pese a su alto impacto en la salud de la poblaci\u00f3n, la sepsis ha permanecido durante a\u00f1os fuera del foco del debate p\u00fablico y de las prioridades sanitarias. Sin embargo, una investigaci\u00f3n liderada por el Dr. Sebasti\u00e1n Gatica, acad\u00e9mico de la carrera de Tecnolog\u00eda M\u00e9dica sede Santiago de la Universidad Santo Tom\u00e1s (UST), revela una realidad inquietante: desde 2015 la sepsis es la principal causa de hospitalizaci\u00f3n y la tercera causa de muerte en Chile, siendo superada solo por las enfermedades cardiovasculares y el c\u00e1ncer.<\/p>\n\n\n\n<p>El estudio, recientemente publicado en la revista cient\u00edfica Frontiers in Medicine, analiz\u00f3 registros oficiales del sistema de salud chileno para calcular por primera vez la carga real de la sepsis a nivel nacional y comunal. Los resultados muestran que esta condici\u00f3n, que es una respuesta extrema del organismo frente a una infecci\u00f3n, ha sido profundamente subestimada tanto en incidencia como en mortalidad.<\/p>\n\n\n\n<p>La sepsis, explica el Dr. Gatica, no es una infecci\u00f3n com\u00fan, sino una respuesta desregulada del organismo que puede comprometer m\u00faltiples \u00f3rganos vitales: \u201cEs un desbalance interno que excede el foco anat\u00f3mico inicial, caracterizado por una inflamaci\u00f3n desde la cabeza hasta los pies. En los casos m\u00e1s graves, esta respuesta provoca fallas en \u00f3rganos como el h\u00edgado, los ri\u00f1ones o el cerebro, lo que frecuentemente deriva en la muerte del paciente\u201d, indica.<\/p>\n\n\n\n<p>\u201cEn la pr\u00e1ctica, esta reacci\u00f3n descontrolada explica por qu\u00e9 la sepsis es mucho m\u00e1s letal que otras infecciones habituales. El da\u00f1o simult\u00e1neo a varios \u00f3rganos obliga a los equipos m\u00e9dicos a actuar contrarreloj y aumenta el riesgo de muerte, especialmente en personas con sistemas inmunol\u00f3gicos debilitados -como pacientes oncol\u00f3gicos, trasplantados o inmunodeprimidos-, en quienes padecen enfermedades cr\u00f3nicas del ri\u00f1\u00f3n o del h\u00edgado y en mayores de 65 a\u00f1os o ni\u00f1os menores de un a\u00f1o\u201d, complementa el Dr. Gatica.<\/p>\n\n\n\n<p>Uno de los hallazgos centrales del estudio es que, hasta ahora, los datos utilizados para dimensionar el problema en Chile y el mundo se basan en estimaciones internacionales, construidas con informaci\u00f3n de otros pa\u00edses. Al contrastarlas con registros oficiales nacionales, el equipo detect\u00f3 una subestimaci\u00f3n cercana al&nbsp;<strong>80% en la incidencia<\/strong>&nbsp;y al&nbsp;<strong>30% en la mortalidad por sepsis<\/strong>. Sin embargo \u201cel mayor aporte del estudio es metodol\u00f3gico, ya que propone la relaci\u00f3n matem\u00e1tica entre mortalidad e incidencia como indicador clave de desempe\u00f1o (KPI) para cuantificar el problema de la sepsis. Esperamos tener la oportunidad de presentar tanto nuestra metodolog\u00eda como nuestros resultados ante las autoridades sanitarias para as\u00ed tomar acci\u00f3n seg\u00fan la gravedad del problema\u201d, agrega el acad\u00e9mico.<\/p>\n\n\n\n<p>\u201cUna cifra se olvida f\u00e1cilmente, pero un ranking queda en la memoria.Al analizar el problema en perspectiva, este gr\u00e1fico representa la cantidad de muertes por sepsis normalizada por el n\u00famero de habitantes del pa\u00eds y presentada en el contexto de todas las causas de muerte. As\u00ed, se observ\u00f3 que la sepsis ha permanecido como la tercera causa de muerte en Chile entre 2015 y 2023, con una peque\u00f1a variaci\u00f3n durante el per\u00edodo de la pandemia COVID-19\u201d, explica el Dr. Gatica.<\/p>\n\n\n\n<p><strong>Comunas con mayor incidencia<\/strong><\/p>\n\n\n\n<p>El estudio aporta informaci\u00f3n detallada sobre la carga de sepsis por orden de gravedad, revelando que el problema es mayor en las comunas de Navidad en la Regi\u00f3n de O\u2019Higgins, Mar\u00eda Elena en la Regi\u00f3n de Antofagasta y La Higuera en la Regi\u00f3n de Coquimbo. Adem\u00e1s, entrega informaci\u00f3n detallada por causa de muerte, con la peritonitis y la septicemia encabezando la lista.<\/p>\n\n\n\n<p>\u201cSi no hay cifras, entonces no hay problema. La falta de informaci\u00f3n precisa tiene consecuencias directas en la definici\u00f3n de pol\u00edticas p\u00fablicas, presupuestos e intervenciones sanitarias. El an\u00e1lisis a escala comunal permite revelar una realidad distinta a la que muestran los promedios regionales y a la expuesta en reportes internacionales cuyo foco es pa\u00eds en su totalidad. Al desagregar los datos, el estudio evidencia que zonas identificadas como de alta carga de sepsis a nivel regional concentran, en realidad, el problema en comunas espec\u00edficas\u201d, advierte el investigador.<\/p>\n\n\n\n<p>\u201cAl observar el fen\u00f3meno por comuna, regiones que aparec\u00edan en \u2018rojo\u2019 pasaron a \u2018verde\u2019, mostrando que no se trata de un problema regional, sino de territorios puntuales que elevan el promedio. Un enfoque granular permite focalizar mejor las intervenciones y optimizar el uso de recursos en salud\u201d, a\u00f1ade el Dr. Gatica.<\/p>\n\n\n\n<p>A partir de estos resultados, el desaf\u00edo es avanzar desde el diagn\u00f3stico hacia la acci\u00f3n. El estudio propone replicar esta metodolog\u00eda en otros pa\u00edses y, sobre todo, utilizarla como base para pol\u00edticas p\u00fablicas m\u00e1s efectivas en Chile. \u201cIdentificar con precisi\u00f3n d\u00f3nde se concentra la sepsis y cu\u00e1les son sus causas m\u00e1s letales permitir\u00eda orientar intervenciones focalizadas, apoyadas en modelos estad\u00edsticos e inteligencia artificial, con el objetivo de optimizar recursos, reducir muertes evitables asociadas a esta grave condici\u00f3n y cumplir con las metas de organismos sanitarios internacionales\u201d, concluye el acad\u00e9mico.<\/p>\n","protected":false},"excerpt":{"rendered":"<p> Una investigaci\u00f3n revel\u00f3 una subestimaci\u00f3n cercana al 80% en la incidencia y al 30% en la mortalidad por sepsis, lo que plantea desaf\u00edos urgentes para la prevenci\u00f3n y la gesti\u00f3n en salud p\u00fablica.<\/p>\n","protected":false},"author":1,"featured_media":33592,"comment_status":"closed","ping_status":"closed","sticky":false,"template":"","format":"standard","meta":{"footnotes":""},"categories":[3,2540,4357,2541,4603,2484],"tags":[2118,77,337,273,247,133],"class_list":["post-33591","post","type-post","status-publish","format-standard","has-post-thumbnail","hentry","category-al-dia","category-ciencia","category-estudio-publico","category-investigacion","category-medicina-y-salud","category-salud","tag-semanariolocal","tag-educacion","tag-informacion","tag-noticias","tag-region-de-los-lagos","tag-semanario-local"],"_links":{"self":[{"href":"https:\/\/www.semanariolocal.cl\/index.php?rest_route=\/wp\/v2\/posts\/33591","targetHints":{"allow":["GET"]}}],"collection":[{"href":"https:\/\/www.semanariolocal.cl\/index.php?rest_route=\/wp\/v2\/posts"}],"about":[{"href":"https:\/\/www.semanariolocal.cl\/index.php?rest_route=\/wp\/v2\/types\/post"}],"author":[{"embeddable":true,"href":"https:\/\/www.semanariolocal.cl\/index.php?rest_route=\/wp\/v2\/users\/1"}],"replies":[{"embeddable":true,"href":"https:\/\/www.semanariolocal.cl\/index.php?rest_route=%2Fwp%2Fv2%2Fcomments&post=33591"}],"version-history":[{"count":1,"href":"https:\/\/www.semanariolocal.cl\/index.php?rest_route=\/wp\/v2\/posts\/33591\/revisions"}],"predecessor-version":[{"id":33593,"href":"https:\/\/www.semanariolocal.cl\/index.php?rest_route=\/wp\/v2\/posts\/33591\/revisions\/33593"}],"wp:featuredmedia":[{"embeddable":true,"href":"https:\/\/www.semanariolocal.cl\/index.php?rest_route=\/wp\/v2\/media\/33592"}],"wp:attachment":[{"href":"https:\/\/www.semanariolocal.cl\/index.php?rest_route=%2Fwp%2Fv2%2Fmedia&parent=33591"}],"wp:term":[{"taxonomy":"category","embeddable":true,"href":"https:\/\/www.semanariolocal.cl\/index.php?rest_route=%2Fwp%2Fv2%2Fcategories&post=33591"},{"taxonomy":"post_tag","embeddable":true,"href":"https:\/\/www.semanariolocal.cl\/index.php?rest_route=%2Fwp%2Fv2%2Ftags&post=33591"}],"curies":[{"name":"wp","href":"https:\/\/api.w.org\/{rel}","templated":true}]}}