{"id":33573,"date":"2026-03-10T09:55:00","date_gmt":"2026-03-10T12:55:00","guid":{"rendered":"https:\/\/www.semanariolocal.cl\/?p=33573"},"modified":"2026-03-10T19:35:40","modified_gmt":"2026-03-10T22:35:40","slug":"conaf-llama-a-respetar-el-calendario-de-quemas-para-prevenir-incendios-forestales","status":"publish","type":"post","link":"https:\/\/www.semanariolocal.cl\/?p=33573","title":{"rendered":"CONAF llama a respetar el calendario de quemas para prevenir incendios forestales"},"content":{"rendered":"\n<p><strong><mark style=\"background-color:#abb8c3\" class=\"has-inline-color has-white-color\">10 de Marzo del 2026.-<\/mark><\/strong> La Corporaci\u00f3n Nacional Forestal (CONAF) hace un llamado preventivo a todos los propietarios agr\u00edcolas y forestales a dar estricto cumplimiento al Calendario de Quemas, y permite la gesti\u00f3n de vegetaci\u00f3n combustible y la prevenci\u00f3n de incendios forestales.<\/p>\n\n\n\n<p>El uso del fuego como quema controlada o prescrita es una herramienta t\u00e9cnica para eliminar residuos post-cosecha. Sin embargo, su eficacia depende de una ejecuci\u00f3n responsable bajo par\u00e1metros de seguridad estrictos.<\/p>\n\n\n\n<p>El director ejecutivo de CONAF, Rodrigo Illesca, enfatiz\u00f3 que \u201ces responsabilidad de quien ejecuta la quema mantener el control del fuego en todo momento, respetar las fechas y horarios autorizados y avisar oportunamente a vecinos y autoridades locales sobre la actividad, con el fin de prevenir emergencias y minimizar eventuales externalidades\u201d.<\/p>\n\n\n\n<p><strong>1. Una actividad regulada por ley<\/strong><\/p>\n\n\n\n<p>El uso del fuego no es una decisi\u00f3n arbitraria. Est\u00e1 regido por el Decreto Supremo 276\/1980 del Ministerio de Agricultura, que entrega a CONAF la administraci\u00f3n y regulaci\u00f3n de esta pr\u00e1ctica. Anualmente, la Corporaci\u00f3n genera un Calendario de Quemas que define con precisi\u00f3n las fechas, horarios y condiciones meteorol\u00f3gicas permitidas para cada zona. En promedio cada a\u00f1o se registran alrededor de 16.400 avisos de quemas a nivel nacional. De este n\u00famero, el 60 % de las quemas se realizan principalmente en los meses de marzo, abril, mayo de cada a\u00f1o.<\/p>\n\n\n\n<p><strong>2. El proceso obligatorio: aviso y fiscalizaci\u00f3n<\/strong><\/p>\n\n\n\n<p>Para realizar una quema legal, la persona interesada debe seguir estos pasos:<\/p>\n\n\n\n<ul class=\"wp-block-list\">\n<li>Aviso de intenci\u00f3n: acudir a una de las 106 oficinas receptoras de CONAF en el pa\u00eds o municipalidad habilitada.<\/li>\n\n\n\n<li>Obtenci\u00f3n del comprobante: el servicio emitir\u00e1 un Comprobante de Aviso del Uso del Fuego, documento que detalla los compromisos t\u00e9cnicos y que debe estar f\u00edsicamente en el lugar de la faena.<\/li>\n\n\n\n<li>Fiscalizaci\u00f3n: Carabineros de Chile, el SAG y CONAF est\u00e1n facultados para fiscalizar estas actividades en cualquier momento.<\/li>\n<\/ul>\n\n\n\n<p>Importante: Existen restricciones totales durante los meses estivales por alto riesgo de incendios, as\u00ed como en invierno en zonas con planes de descontaminaci\u00f3n ambiental. El incumplimiento de estas normas conlleva sanciones legales.<\/p>\n\n\n\n<p><strong>3. Protocolo t\u00e9cnico para una quema segura<\/strong><\/p>\n\n\n\n<p>CONAF recuerda que quien ejecuta el fuego es el responsable directo de mantener su control. Para minimizar riesgos a terceros e infraestructura cr\u00edtica, se deben cumplir cuatro etapas cr\u00edticas:<\/p>\n\n\n\n<ul class=\"wp-block-list\">\n<li>Planificaci\u00f3n: evaluaci\u00f3n de humedad, temperatura y viento.<\/li>\n\n\n\n<li>Preparaci\u00f3n del sitio: construcci\u00f3n obligatoria de l\u00edneas de contenci\u00f3n (cortafuegos).<\/li>\n\n\n\n<li>Ejecuci\u00f3n: aplicaci\u00f3n controlada, priorizando t\u00e9cnicas como el fuego de retroceso (en contra del viento).<\/li>\n\n\n\n<li>Monitoreo y liquidaci\u00f3n: fase crucial para asegurar que no queden focos de calor o brasas antes de abandonar el lugar.<\/li>\n<\/ul>\n\n\n\n<p><strong>4. Compromiso con la comunidad<\/strong><\/p>\n\n\n\n<p>Es obligatorio informar previamente a las comunidades colindantes y autoridades locales sobre la realizaci\u00f3n de estas faenas.<\/p>\n\n\n\n<p>CONAF invita a la ciudadan\u00eda a revisar constantemente la situaci\u00f3n del calendario en su regi\u00f3n a trav\u00e9s del siguiente enlace oficial: <a href=\"https:\/\/www.conaf.cl\/actualizacion-situacion-uso-del-fuego-en-regiones\/\">https:\/\/www.conaf.cl\/actualizacion-situacion-uso-del-fuego-en-regiones\/<\/a><\/p>\n\n\n\n<p>Prevenir un incendio forestal es m\u00e1s f\u00e1cil que combatirlo: Respete el calendario y proteja su entorno.<\/p>\n","protected":false},"excerpt":{"rendered":"<p>La Corporaci\u00f3n genera un Calendario de Quemas que define con precisi\u00f3n las fechas, horarios y condiciones meteorol\u00f3gicas permitidas para cada zona.<\/p>\n","protected":false},"author":1,"featured_media":33574,"comment_status":"closed","ping_status":"closed","sticky":false,"template":"","format":"standard","meta":{"footnotes":""},"categories":[4333,20,4586,3846,3690,4338,3528],"tags":[2118,337,273,247,133],"class_list":["post-33573","post","type-post","status-publish","format-standard","has-post-thumbnail","hentry","category-agricultura-familiar","category-agro","category-direccion-regional","category-industria-agricola","category-medio-ambiente","category-organismos-publicos","category-servicios-publicos","tag-semanariolocal","tag-informacion","tag-noticias","tag-region-de-los-lagos","tag-semanario-local"],"_links":{"self":[{"href":"https:\/\/www.semanariolocal.cl\/index.php?rest_route=\/wp\/v2\/posts\/33573","targetHints":{"allow":["GET"]}}],"collection":[{"href":"https:\/\/www.semanariolocal.cl\/index.php?rest_route=\/wp\/v2\/posts"}],"about":[{"href":"https:\/\/www.semanariolocal.cl\/index.php?rest_route=\/wp\/v2\/types\/post"}],"author":[{"embeddable":true,"href":"https:\/\/www.semanariolocal.cl\/index.php?rest_route=\/wp\/v2\/users\/1"}],"replies":[{"embeddable":true,"href":"https:\/\/www.semanariolocal.cl\/index.php?rest_route=%2Fwp%2Fv2%2Fcomments&post=33573"}],"version-history":[{"count":1,"href":"https:\/\/www.semanariolocal.cl\/index.php?rest_route=\/wp\/v2\/posts\/33573\/revisions"}],"predecessor-version":[{"id":33575,"href":"https:\/\/www.semanariolocal.cl\/index.php?rest_route=\/wp\/v2\/posts\/33573\/revisions\/33575"}],"wp:featuredmedia":[{"embeddable":true,"href":"https:\/\/www.semanariolocal.cl\/index.php?rest_route=\/wp\/v2\/media\/33574"}],"wp:attachment":[{"href":"https:\/\/www.semanariolocal.cl\/index.php?rest_route=%2Fwp%2Fv2%2Fmedia&parent=33573"}],"wp:term":[{"taxonomy":"category","embeddable":true,"href":"https:\/\/www.semanariolocal.cl\/index.php?rest_route=%2Fwp%2Fv2%2Fcategories&post=33573"},{"taxonomy":"post_tag","embeddable":true,"href":"https:\/\/www.semanariolocal.cl\/index.php?rest_route=%2Fwp%2Fv2%2Ftags&post=33573"}],"curies":[{"name":"wp","href":"https:\/\/api.w.org\/{rel}","templated":true}]}}