{"id":33564,"date":"2026-03-10T05:54:00","date_gmt":"2026-03-10T08:54:00","guid":{"rendered":"https:\/\/www.semanariolocal.cl\/?p=33564"},"modified":"2026-03-10T19:16:21","modified_gmt":"2026-03-10T22:16:21","slug":"junji-e-integra-dan-inicio-al-ano-de-educacion-parvularia-2026","status":"publish","type":"post","link":"https:\/\/www.semanariolocal.cl\/?p=33564","title":{"rendered":"JUNJI e Integra dan inicio al A\u00f1o de Educaci\u00f3n Parvularia 2026"},"content":{"rendered":"\n<p><strong><mark style=\"background-color:#abb8c3\" class=\"has-inline-color has-white-color\">10 de Marzo del 2026.- <\/mark><\/strong>Los directores Francisco Vald\u00e9s de JUNJI y Tatiana Az\u00f3car de Integra y el alcalde (s) de la comuna de Llanquihue, Cristian Olavarr\u00eda, inauguraron este nuevo ciclo de la educaci\u00f3n inicial en el jard\u00edn infantil \u201cGotitas de Laguna\u201d, para acompa\u00f1ar este per\u00edodo de adaptaci\u00f3n e invitar a las familias a ser parte activa de este proceso, con foco en el bienestar integral de las guaguas, ni\u00f1as y ni\u00f1os.<\/p>\n\n\n\n<p>Asimismo, las autoridades destacaron la importancia de la asistencia, del proceso de familiarizaci\u00f3n y acogida, y del juego como eje fundamental del aprendizaje y bienestar de las infancias, en el marco de la campa\u00f1a Vamos al Jard\u00edn.<\/p>\n\n\n\n<p>\u201cEste inicio del a\u00f1o de educaci\u00f3n parvularia 2026 revela precisamente que este nivel \u2014la educaci\u00f3n inicial\u2014 se ha ido validando como el primer referente. Nuestros ni\u00f1os y ni\u00f1as est\u00e1n en la edad propicia para realizar intervenciones tanto pedag\u00f3gicas como de formaci\u00f3n integral, ya que los aprendizajes impactan para toda la vida\u201d, se\u00f1al\u00f3 Tatiana Az\u00f3car.<\/p>\n\n\n\n<p>Por su parte, Francisco Vald\u00e9s destac\u00f3: \u201cComenzamos este 2026 con la alegr\u00eda que nos da ver a los ni\u00f1os, ni\u00f1as y j\u00f3venes volver a los jardines infantiles, reencontrarse con los equipos t\u00e9cnicos e iniciar esta trayectoria que los llevar\u00e1 hacia la educaci\u00f3n escolar y superior. Como red p\u00fablica JUNJI e Integra, junto a los jardines VTF, trabajamos coordinadamente para asegurar que los espacios educativos sean motivantes, seguros y cari\u00f1osos, ofreciendo las mejores oportunidades de aprendizaje y desarrollo integral. El a\u00f1o ha comenzado de muy buena manera\u201d.<\/p>\n\n\n\n<p>Finalmente, el alcalde de Llanquihue, Cristian Olavarr\u00eda, expres\u00f3: \u201cMe siento muy emocionado y orgulloso de que hayan elegido nuestra comuna para esta inauguraci\u00f3n. Contamos con establecimientos VTF, Integra y JUNJI, toda la rama de educaci\u00f3n preescolar que se implementa a nivel nacional. Es importante reconocer el trabajo de asistentes, educadoras, administrativos y de todo el equipo educativo. La educaci\u00f3n inicial es fundamental para el crecimiento y desarrollo de cada persona; aqu\u00ed se entregan valores y herramientas que gu\u00edan a nuestra sociedad\u201d.<\/p>\n\n\n\n<p>El Mineduc destac\u00f3 la recuperaci\u00f3n hist\u00f3rica de la asistencia en 2025, que alcanz\u00f3 un 78,9 %, superando niveles prepandemia y evidenciando el compromiso de las familias y comunidades educativas.<\/p>\n\n\n\n<p>Para dudas o consultas, JUNJI cuenta con un canal de atenci\u00f3n ciudadana para resolver inquietudes. Puedes contactarnos en el sitio web&nbsp;<a href=\"http:\/\/junji.cl\/\" target=\"_blank\" rel=\"noreferrer noopener\">junji.cl<\/a>, en el Sistema Integral de Atenci\u00f3n Ciudadana (SIAC) de tu regi\u00f3n, o a trav\u00e9s del correo de la oficina regional&nbsp;<em><a href=\"mailto:msuribe@junji.cl\" target=\"_blank\" rel=\"noreferrer noopener\">msuribe@junji.cl<\/a><\/em>, y del fono 65 238 7010.<\/p>\n\n\n\n<p>Las familias que a\u00fan deseen postular a salas cuna y jardines infantiles de administraci\u00f3n directa de la Junta Nacional de Jardines Infantiles (JUNJI), as\u00ed como a establecimientos administrados por terceros o V\u00eda Transferencia de Fondos (VTF), pueden hacerlo en l\u00ednea en:&nbsp;<em><a href=\"https:\/\/junji.cl\/postulaciones\" target=\"_blank\" rel=\"noreferrer noopener\">https:\/\/junji.cl\/postulaciones<\/a><\/em>\/.<\/p>\n","protected":false},"excerpt":{"rendered":"<p>Las autoridades de ambas instituciones dieron el vamos oficial al inicio de actividades en los jardines infantiles en la Regi\u00f3n de Los Lagos, proceso que comenz\u00f3 el pasado 4 de marzo para los nuevos p\u00e1rvulos, mientras que el lunes 9 se incorporaron las ni\u00f1as y ni\u00f1os que asist\u00edan el a\u00f1o anterior.<\/p>\n","protected":false},"author":1,"featured_media":33566,"comment_status":"closed","ping_status":"closed","sticky":false,"template":"","format":"standard","meta":{"footnotes":""},"categories":[3,4586,11,4401,2483],"tags":[2118,337,273,247,133],"class_list":["post-33564","post","type-post","status-publish","format-standard","has-post-thumbnail","hentry","category-al-dia","category-direccion-regional","category-educacion","category-primera-infancia","category-region","tag-semanariolocal","tag-informacion","tag-noticias","tag-region-de-los-lagos","tag-semanario-local"],"_links":{"self":[{"href":"https:\/\/www.semanariolocal.cl\/index.php?rest_route=\/wp\/v2\/posts\/33564","targetHints":{"allow":["GET"]}}],"collection":[{"href":"https:\/\/www.semanariolocal.cl\/index.php?rest_route=\/wp\/v2\/posts"}],"about":[{"href":"https:\/\/www.semanariolocal.cl\/index.php?rest_route=\/wp\/v2\/types\/post"}],"author":[{"embeddable":true,"href":"https:\/\/www.semanariolocal.cl\/index.php?rest_route=\/wp\/v2\/users\/1"}],"replies":[{"embeddable":true,"href":"https:\/\/www.semanariolocal.cl\/index.php?rest_route=%2Fwp%2Fv2%2Fcomments&post=33564"}],"version-history":[{"count":2,"href":"https:\/\/www.semanariolocal.cl\/index.php?rest_route=\/wp\/v2\/posts\/33564\/revisions"}],"predecessor-version":[{"id":33569,"href":"https:\/\/www.semanariolocal.cl\/index.php?rest_route=\/wp\/v2\/posts\/33564\/revisions\/33569"}],"wp:featuredmedia":[{"embeddable":true,"href":"https:\/\/www.semanariolocal.cl\/index.php?rest_route=\/wp\/v2\/media\/33566"}],"wp:attachment":[{"href":"https:\/\/www.semanariolocal.cl\/index.php?rest_route=%2Fwp%2Fv2%2Fmedia&parent=33564"}],"wp:term":[{"taxonomy":"category","embeddable":true,"href":"https:\/\/www.semanariolocal.cl\/index.php?rest_route=%2Fwp%2Fv2%2Fcategories&post=33564"},{"taxonomy":"post_tag","embeddable":true,"href":"https:\/\/www.semanariolocal.cl\/index.php?rest_route=%2Fwp%2Fv2%2Ftags&post=33564"}],"curies":[{"name":"wp","href":"https:\/\/api.w.org\/{rel}","templated":true}]}}