{"id":33557,"date":"2026-03-10T17:19:49","date_gmt":"2026-03-10T20:19:49","guid":{"rendered":"https:\/\/www.semanariolocal.cl\/?p=33557"},"modified":"2026-03-10T17:19:52","modified_gmt":"2026-03-10T20:19:52","slug":"senador-espinoza-recorte-de-20-mil-subsidios-pone-en-riesgo-plan-de-emergencia-habitacional","status":"publish","type":"post","link":"https:\/\/www.semanariolocal.cl\/?p=33557","title":{"rendered":"Senador  Espinoza recorte de 20 mil subsidios pone en riesgo Plan de Emergencia Habitacional\u201d"},"content":{"rendered":"\n<p><strong><mark style=\"background-color:#abb8c3\" class=\"has-inline-color has-white-color\">10 de marzo del 2026.- <\/mark><\/strong>La Comisi\u00f3n de Vivienda y Urbanismo del Senado, compuesta por el senador (PS) Fidel Espinoza y los senadores Juan Ignacio Latorre; Mar\u00eda Jos\u00e9 Gatica, Yasna Provoste y David Sandoval, emiti\u00f3 una declaraci\u00f3n rechazando un recorte de 20 mil subsidios habitacionales del programa DS49, anunciado por el Ministro de Hacienda saliente Nicol\u00e1s Grau.<\/p>\n\n\n\n<p>El parlamentario por la regi\u00f3n de Los Lagos explic\u00f3 que \u201c<em>hemos sido informados mediante un oficio por parte del Ministro de Hacienda del Gobierno saliente, de una <strong>reducci\u00f3n de 20 mil subsidios habitacionales en el programa DS49<\/strong> de viviendas para familias vulnerables del pa\u00eds. <strong>No solamente es un desprop\u00f3sito, sino que es una irresponsabilidad brutal<\/strong> que est\u00e1 cometiendo el actual Gobierno, donde los Ministros Montes y Grau tienen una responsabilidad mayor<\/em>\u201d.<\/p>\n\n\n\n<p>\u201c<em>La inasistencia de ambos Ministros a la sesi\u00f3n de hoy martes constituye <strong>una falta de respeto a la Comisi\u00f3n de Vivienda del Senado<\/strong>, y hemos tomado la decisi\u00f3n de sacar una declaraci\u00f3n conjunta, un\u00e1nimemente los cinco integrantes de la comisi\u00f3n, <strong>rechazando este recorte que afecta no al futuro Gobierno, sino a nuestras familias que no van a poder acceder a la casa propia<\/strong><\/em>\u201d, expres\u00f3 el senador.<\/p>\n\n\n\n<p>El parlamentario finaliz\u00f3 se\u00f1alando esperar \u201c<em>que esto se revierta prontamente, y que los nuevos Ministros Poduje y Quiroz, den claridad al pa\u00eds de qu\u00e9 se va a hacer con este tema, porque <strong>no pueden haber recortes ni en salud, ni en vivienda, ni en educaci\u00f3n<\/strong>. Hago un llamado a las autoridades entrantes a rectificar de inmediato esta situaci\u00f3n, la cual <strong>pone en serio riesgo la continuidad del Plan de Emergencia Habitacional que aprobamos el a\u00f1o pasado <\/strong>en este mismo Parlamento<\/em>\u201d.<\/p>\n\n\n\n<p><strong>La Comisi\u00f3n de Vivienda rechaza el recorte unilateral de subsidios habitacionales<\/strong><\/p>\n\n\n\n<p>La Comisi\u00f3n de Vivienda y Urbanismo del Senado de la Rep\u00fablica manifiesta su m\u00e1s en\u00e9rgico rechazo al ajuste unilateral al Programa Habitacional 2026, comunicado por el Ministro de Hacienda, Nicol\u00e1s Grau Veloso, mediante el Oficio Ordinario N\u00b0255 del 06 de febrero del a\u00f1o 2026 pero recibido s\u00f3lo hoy en esta comisi\u00f3n.&nbsp;<\/p>\n\n\n\n<p>El documento firmado por el propio ministro establece una rebaja concordada con el ministro de vivienda de 20.413 unidades del Subsidio DS49 \u2014el Fondo Solidario de Elecci\u00f3n de Vivienda destinado a las familias m\u00e1s vulnerables del pa\u00eds\u2014 equivalente a UF 23.703.696.<\/p>\n\n\n\n<p>A esto se suma la reducci\u00f3n de 2.087 unidades del Subsidio DS01. Se trata de una decisi\u00f3n de enorme impacto social, adoptada administrativamente, sin debate parlamentario y sin consulta a las familias organizadas que esperan estos beneficios.<\/p>\n\n\n\n<p>Lo que el documento de Hacienda llama un \u00abajuste gradual\u00bb es, en la pr\u00e1ctica, dejar a m\u00e1s de 20 mil familias chilenas sin la posibilidad de acceder a una vivienda en 2026.<\/p>\n\n\n\n<p>Resulta igualmente inadmisible que frente a una decisi\u00f3n de esta magnitud, ni el Ministro de Hacienda ni el Ministro de Vivienda y Urbanismo hayan concurrido a esta Comisi\u00f3n a dar explicaciones. El Parlamento no puede ser informado por oficio de medidas que afectan el derecho a la vivienda de miles de personas.<\/p>\n\n\n\n<p>Esta Comisi\u00f3n solicita:<\/p>\n\n\n\n<p>1. La presencia urgente de los nuevos ministros de Hacienda y Vivienda que asumir\u00e1n el 11 de marzo de 2026 ante esta instancia para analizar esta decisi\u00f3n.<\/p>\n\n\n\n<p>2. La restituci\u00f3n inmediata de los cupos del DS49 comprometidos en la Ley de Presupuestos 2026.<\/p>\n\n\n\n<p>La vivienda no es un \u00edtem prescindible del presupuesto. Es el derecho m\u00e1s concreto y cotidiano que tiene una familia. Esta Comisi\u00f3n lo defender\u00e1 con toda la fuerza institucional que le corresponde.<\/p>\n\n\n\n<p><\/p>\n","protected":false},"excerpt":{"rendered":"<p>\u2022\tEl parlamentario hizo un llamado a las autoridades entrantes a rectificar el anuncio del Ministro de Hacienda saliente Nicol\u00e1s Grau, se\u00f1alando que se trata de una irresponsabilidad contra las familias m\u00e1s vulnerables del pa\u00eds aspiran a la casa propia.<\/p>\n","protected":false},"author":1,"featured_media":33558,"comment_status":"closed","ping_status":"closed","sticky":false,"template":"","format":"standard","meta":{"footnotes":""},"categories":[3,3608,4584,3816,6,3842],"tags":[2118,337,4866,273,247,133,702,4867],"class_list":["post-33557","post","type-post","status-publish","format-standard","has-post-thumbnail","hentry","category-al-dia","category-estado","category-ministerio","category-partidos-politicos","category-politica","category-politicas-publicas","tag-semanariolocal","tag-informacion","tag-ministerio-de-vivienda","tag-noticias","tag-region-de-los-lagos","tag-semanario-local","tag-senador-fidel-espinoza","tag-subsidios-a-la-vivienda"],"_links":{"self":[{"href":"https:\/\/www.semanariolocal.cl\/index.php?rest_route=\/wp\/v2\/posts\/33557","targetHints":{"allow":["GET"]}}],"collection":[{"href":"https:\/\/www.semanariolocal.cl\/index.php?rest_route=\/wp\/v2\/posts"}],"about":[{"href":"https:\/\/www.semanariolocal.cl\/index.php?rest_route=\/wp\/v2\/types\/post"}],"author":[{"embeddable":true,"href":"https:\/\/www.semanariolocal.cl\/index.php?rest_route=\/wp\/v2\/users\/1"}],"replies":[{"embeddable":true,"href":"https:\/\/www.semanariolocal.cl\/index.php?rest_route=%2Fwp%2Fv2%2Fcomments&post=33557"}],"version-history":[{"count":1,"href":"https:\/\/www.semanariolocal.cl\/index.php?rest_route=\/wp\/v2\/posts\/33557\/revisions"}],"predecessor-version":[{"id":33559,"href":"https:\/\/www.semanariolocal.cl\/index.php?rest_route=\/wp\/v2\/posts\/33557\/revisions\/33559"}],"wp:featuredmedia":[{"embeddable":true,"href":"https:\/\/www.semanariolocal.cl\/index.php?rest_route=\/wp\/v2\/media\/33558"}],"wp:attachment":[{"href":"https:\/\/www.semanariolocal.cl\/index.php?rest_route=%2Fwp%2Fv2%2Fmedia&parent=33557"}],"wp:term":[{"taxonomy":"category","embeddable":true,"href":"https:\/\/www.semanariolocal.cl\/index.php?rest_route=%2Fwp%2Fv2%2Fcategories&post=33557"},{"taxonomy":"post_tag","embeddable":true,"href":"https:\/\/www.semanariolocal.cl\/index.php?rest_route=%2Fwp%2Fv2%2Ftags&post=33557"}],"curies":[{"name":"wp","href":"https:\/\/api.w.org\/{rel}","templated":true}]}}