{"id":33550,"date":"2026-03-08T11:05:00","date_gmt":"2026-03-08T14:05:00","guid":{"rendered":"https:\/\/www.semanariolocal.cl\/?p=33550"},"modified":"2026-03-10T12:18:37","modified_gmt":"2026-03-10T15:18:37","slug":"prohibicion-de-celulares-una-oportunidad-educativa","status":"publish","type":"post","link":"https:\/\/www.semanariolocal.cl\/?p=33550","title":{"rendered":"Prohibici\u00f3n de celulares: una oportunidad educativa"},"content":{"rendered":"\n<p><strong><mark style=\"background-color:#abb8c3\" class=\"has-inline-color has-white-color\">08 de Marzo del 2026.-<\/mark><\/strong> La entrada en vigencia de la Ley 21.801, que regula el uso de tel\u00e9fonos celulares en establecimientos de educaci\u00f3n parvularia, b\u00e1sica y media, representa una se\u00f1al clara respecto de las prioridades formativas que como sociedad queremos resguardar. Celebramos esta medida, que restituye a la escuela su rol como espacio de encuentro, concentraci\u00f3n y desarrollo integral.<\/p>\n\n\n\n<p>Diversos estudios han advertido sobre el impacto de la hiperconectividad en la atenci\u00f3n, la convivencia y la salud mental de ni\u00f1os y j\u00f3venes. Limitar el uso de dispositivos m\u00f3viles no es un retroceso tecnol\u00f3gico, sino una decisi\u00f3n pedag\u00f3gica, estrechamente relacionada al bienestar, que abre la oportunidad de fortalecer habilidades fundamentales, como la escucha activa, la colaboraci\u00f3n, la curiosidad y el pensamiento cr\u00edtico.<\/p>\n\n\n\n<p>Sin embargo, la prohibici\u00f3n por s\u00ed sola no basta. Es necesario preguntarnos qu\u00e9 actividades reemplazar\u00e1n ese tiempo de pantalla. En nuestra experiencia trabajando con comunidades educativas del sur de Chile, hemos comprobado que el contacto sistem\u00e1tico con la naturaleza favorece aprendizajes significativos, promueve el bienestar socioemocional y estimula la creatividad. Los entornos naturales invitan a observar, explorar y formular preguntas; a aprender desde la experiencia directa y no solo desde la abstracci\u00f3n.<\/p>\n\n\n\n<p>La contingencia abre una oportunidad: revalorizar patios, huertos, plazas y humedales como extensiones del aula. Si reducimos pantallas, pero no ampliamos horizontes, habremos perdido una ocasi\u00f3n valiosa.<\/p>\n\n\n\n<p>Regular es un primer paso. Transformar la experiencia educativa, el desaf\u00edo mayor.&nbsp;<\/p>\n\n\n\n<p><strong>Por Sof\u00eda Schmidt, Directora Ejecutiva Fundaci\u00f3n Brotario<\/strong><\/p>\n","protected":false},"excerpt":{"rendered":"<p>La Ley N\u00b0 21.801 establece la prohibici\u00f3n del uso de dispositivos m\u00f3viles electr\u00f3nicos de comunicaci\u00f3n personal para los establecimientos educacionales que imparten niveles de educaci\u00f3n parvularia, b\u00e1sica y media. <\/p>\n","protected":false},"author":1,"featured_media":33552,"comment_status":"closed","ping_status":"closed","sticky":false,"template":"","format":"standard","meta":{"footnotes":""},"categories":[3,11,3608,7],"tags":[2118,337,273,247,133],"class_list":["post-33550","post","type-post","status-publish","format-standard","has-post-thumbnail","hentry","category-al-dia","category-educacion","category-estado","category-opinion","tag-semanariolocal","tag-informacion","tag-noticias","tag-region-de-los-lagos","tag-semanario-local"],"_links":{"self":[{"href":"https:\/\/www.semanariolocal.cl\/index.php?rest_route=\/wp\/v2\/posts\/33550","targetHints":{"allow":["GET"]}}],"collection":[{"href":"https:\/\/www.semanariolocal.cl\/index.php?rest_route=\/wp\/v2\/posts"}],"about":[{"href":"https:\/\/www.semanariolocal.cl\/index.php?rest_route=\/wp\/v2\/types\/post"}],"author":[{"embeddable":true,"href":"https:\/\/www.semanariolocal.cl\/index.php?rest_route=\/wp\/v2\/users\/1"}],"replies":[{"embeddable":true,"href":"https:\/\/www.semanariolocal.cl\/index.php?rest_route=%2Fwp%2Fv2%2Fcomments&post=33550"}],"version-history":[{"count":1,"href":"https:\/\/www.semanariolocal.cl\/index.php?rest_route=\/wp\/v2\/posts\/33550\/revisions"}],"predecessor-version":[{"id":33553,"href":"https:\/\/www.semanariolocal.cl\/index.php?rest_route=\/wp\/v2\/posts\/33550\/revisions\/33553"}],"wp:featuredmedia":[{"embeddable":true,"href":"https:\/\/www.semanariolocal.cl\/index.php?rest_route=\/wp\/v2\/media\/33552"}],"wp:attachment":[{"href":"https:\/\/www.semanariolocal.cl\/index.php?rest_route=%2Fwp%2Fv2%2Fmedia&parent=33550"}],"wp:term":[{"taxonomy":"category","embeddable":true,"href":"https:\/\/www.semanariolocal.cl\/index.php?rest_route=%2Fwp%2Fv2%2Fcategories&post=33550"},{"taxonomy":"post_tag","embeddable":true,"href":"https:\/\/www.semanariolocal.cl\/index.php?rest_route=%2Fwp%2Fv2%2Ftags&post=33550"}],"curies":[{"name":"wp","href":"https:\/\/api.w.org\/{rel}","templated":true}]}}